{"id":53636,"date":"2018-05-29T12:39:46","date_gmt":"2018-05-29T17:39:46","guid":{"rendered":"https:\/\/radiowebmx.com\/nota\/?p=53636"},"modified":"2018-05-29T13:41:02","modified_gmt":"2018-05-29T18:41:02","slug":"fausto-vallejo-figueroa-busca-combatir-a-la-delincuencia-y-drogadiccion-con-el-deporte","status":"publish","type":"post","link":"https:\/\/radiowebmx.com\/nota\/fausto-vallejo-figueroa-busca-combatir-a-la-delincuencia-y-drogadiccion-con-el-deporte\/","title":{"rendered":"Fausto Vallejo Figueroa busca combatir a la delincuencia y drogadicci\u00f3n con el deporte"},"content":{"rendered":"<p><img loading=\"lazy\" decoding=\"async\" class=\"\" src=\"https:\/\/attachment.outlook.live.net\/owa\/ultrapolitica@hotmail.com\/service.svc\/s\/GetAttachmentThumbnail?id=AQMkADAwATYwMAItODMyNi00ODU0LTAwAi0wMAoARgAAA5HawHgQuq9DrqMPu%2BRLC5sHANRV7lYdW%2FpNtd2j%2BEW2swoAAAIBDAAAANRV7lYdW%2FpNtd2j%2BEW2swoAAmtrAPmKAAAAARIAEADFIUfoclCgTIee6di4Axk6&amp;thumbnailType=2&amp;X-OWA-CANARY=49Im0gMPF0GscXtFDcK0FuAuXp6TxdUY04KJEOYnGAP0FvauY0P_hVPB2zkJ2qSsEnK585Qccb8.&amp;token=eyJhbGciOiJSUzI1NiIsImtpZCI6IjA2MDBGOUY2NzQ2MjA3MzdFNzM0MDRFMjg3QzQ1QTgxOENCN0NFQjgiLCJ4NXQiOiJCZ0Q1OW5SaUJ6Zm5OQVRpaDhSYWdZeTN6cmciLCJ0eXAiOiJKV1QifQ.eyJ2ZXIiOiJFeGNoYW5nZS5DYWxsYmFjay5WMSIsImFwcGN0eHNlbmRlciI6Ik93YURvd25sb2FkQDg0ZGY5ZTdmLWU5ZjYtNDBhZi1iNDM1LWFhYWFhYWFhYWFhYSIsImFwcGN0eCI6IntcIm1zZXhjaHByb3RcIjpcIm93YVwiLFwicHJpbWFyeXNpZFwiOlwiUy0xLTI4MjctMzkzMjE2LTIyMDAzMjQxODBcIixcInB1aWRcIjpcIjE2ODg4NTIwNjA1ODgxMTZcIixcIm9pZFwiOlwiMDAwNjAwMDAtODMyNi00ODU0LTAwMDAtMDAwMDAwMDAwMDAwXCIsXCJzY29wZVwiOlwiT3dhRG93bmxvYWRcIn0iLCJuYmYiOjE1Mjc2MTkxMTMsImV4cCI6MTUyNzYxOTcxMywiaXNzIjoiMDAwMDAwMDItMDAwMC0wZmYxLWNlMDAtMDAwMDAwMDAwMDAwQDg0ZGY5ZTdmLWU5ZjYtNDBhZi1iNDM1LWFhYWFhYWFhYWFhYSIsImF1ZCI6IjAwMDAwMDAyLTAwMDAtMGZmMS1jZTAwLTAwMDAwMDAwMDAwMC9hdHRhY2htZW50Lm91dGxvb2subGl2ZS5uZXRAODRkZjllN2YtZTlmNi00MGFmLWI0MzUtYWFhYWFhYWFhYWFhIn0.BLlxS6e-WrQwm0s-eSrGHjU3OS3Qs4s-0GLyhFb6TOkJXnMllF3lv_67CzzpprDQ0AQY2V9DhAenT-W9N03jPOcM6KKS0XPYoI35XE0tz9o4QFg-x6h9zS9En4RanOoiMFk1EsS-Erm0WGAXQIntywNdsm_EYM_qZbPconCAJslu4-AIXJYLGQM5KslOpZFJcn53WX5Sj2hq-IRpCVV56MItLgVGvCrXK8vZuRAriT7DgGqteFyKmsfg_3DuKLwqRQ7JUhXYXEAgXBvaWM5vy5SJs04dJCPl1KMikk4pndfLEtKmFItnEQdb2bbgqjrMGkQfquqEYhvBqsTBR2eRQw&amp;owa=outlook.live.com&amp;isc=1\" width=\"401\" height=\"267\" \/><\/p>\n<p>&nbsp;<\/p>\n<p class=\"x_gmail-MsoNoSpacing\"><strong>\u00b7\u00a0\u00a0\u00a0\u00a0\u00a0\u00a0\u00a0\u00a0\u00a0Miembros de la Liga Municipal F\u00fatbol Amateur, refrendaron su apoyo al ex gobernador, \u00e9l nos ha apoyado, dijeron<\/strong><\/p>\n<p class=\"x_gmail-MsoNoSpacing\">\n<p class=\"x_gmail-MsoNoSpacing\"><b>Morelia, Mich., a 29 de mayo de 2018.-<\/b>\u00a0Mediante la construcci\u00f3n de m\u00e1s unidades deportivas y el mejoramiento de las canchas que forman parte de la Liga Municipal de F\u00fatbol Amateur A.C., el candidato a la Presidencia Municipal por el Partido Encuentro Social PES, Fausto Vallejo Figueroa, asegur\u00f3 se le dar\u00e1 impulso al deporte para que los j\u00f3venes puedan alejarse de las drogas as\u00ed como fomentar un mejor estado de salud.<\/p>\n<p class=\"x_gmail-MsoNoSpacing\">Por su parte jugadores miembros de dicha asociaci\u00f3n, que es una de las m\u00e1s grandes del pa\u00eds, reconocieron la historia de hechos que respalda al cuatro veces alcalde quien construy\u00f3 importantes obras como las unidades deportivas Bicentenario y la Miguel Hidalgo, por lo que refrendaron su respaldo para que llegue al Ayuntamiento capitalino.<\/p>\n<p class=\"x_gmail-MsoNoSpacing\">Cabe destacar que dentro de la liga de futbolistas hay equipos que forman parte de instituciones emanadas del Ayuntamiento capitalino y otros afines a diversos institutos pol\u00edticos, quienes admitieron ver en Fausto Vallejo a una persona comprometida con los morelianos por lo que apoyar\u00e1n al abanderado del PES en este proceso electoral.<\/p>\n<p class=\"x_gmail-MsoNoSpacing\">En este sentido, confiaron en que a su regreso al frente de la comuna moreliana volver\u00e1n los apoyos para el deporte en general y otra vez el gobierno municipal tendr\u00e1 las puertas abiertas para los ciudadanos, que es una de sus principales demandas del pueblo moreliano, adem\u00e1s solicitaron una ambulancias para poder atender a las personas que por alguna raz\u00f3n dentro de la actividad f\u00edsica resulten lesionadas.<\/p>\n<p class=\"x_gmail-MsoNoSpacing\">Al respecto y acompa\u00f1ado por integrantes de su planilla, encabezados por la candidata a s\u00edndica Guadalupe Herrera Calder\u00f3n, el ex gobernador se\u00f1al\u00f3 que dentro de su proyecto de gobierno, en el eje de Seguridad, se contempla la creaci\u00f3n de m\u00e1s centros deportivos y culturales como el que se erigir\u00e1 en el poniente de la ciudad, adem\u00e1s de otro en Cuto de la Esperanza, para ofrecer sobre todo a los j\u00f3venes espacios de recreaci\u00f3n sanos que los alejen de la delincuencia y las adicciones.<\/p>\n<p class=\"x_gmail-MsoNoSpacing\">Asimismo, para los miembros de la Liga Municipal anunci\u00f3 la reestructuraci\u00f3n de las canchas de juego de la \u2018Unidad Deportiva Cuauht\u00e9moc\u2019, \u201cvengo a trabajar por Morelia, porque conozco todo el municipio; yo no vengo a improvisar, ni a ganar adeptos con despensas, sino con proyectos detallados en materia de agua, vialidad, unidades deportivas, culturales y de seguridad\u201d, asegur\u00f3 el abanderado del PES.<\/p>\n","protected":false},"excerpt":{"rendered":"<p>&nbsp; \u00b7\u00a0\u00a0\u00a0\u00a0\u00a0\u00a0\u00a0\u00a0\u00a0Miembros de la Liga Municipal F\u00fatbol Amateur, refrendaron su apoyo al ex gobernador, \u00e9l nos ha apoyado, dijeron Morelia, Mich., a 29 de mayo de 2018.-\u00a0Mediante la construcci\u00f3n de m\u00e1s unidades deportivas y el mejoramiento de las canchas que forman parte de la Liga Municipal de F\u00fatbol Amateur A.C., el candidato a la Presidencia [&hellip;]<\/p>\n","protected":false},"author":2,"featured_media":53637,"comment_status":"closed","ping_status":"closed","sticky":false,"template":"","format":"standard","meta":{"footnotes":""},"categories":[14,90],"tags":[],"class_list":["post-53636","post","type-post","status-publish","format-standard","has-post-thumbnail","hentry","category-destacadas","category-elecciones-2018"],"_links":{"self":[{"href":"https:\/\/radiowebmx.com\/nota\/wp-json\/wp\/v2\/posts\/53636","targetHints":{"allow":["GET"]}}],"collection":[{"href":"https:\/\/radiowebmx.com\/nota\/wp-json\/wp\/v2\/posts"}],"about":[{"href":"https:\/\/radiowebmx.com\/nota\/wp-json\/wp\/v2\/types\/post"}],"author":[{"embeddable":true,"href":"https:\/\/radiowebmx.com\/nota\/wp-json\/wp\/v2\/users\/2"}],"replies":[{"embeddable":true,"href":"https:\/\/radiowebmx.com\/nota\/wp-json\/wp\/v2\/comments?post=53636"}],"version-history":[{"count":1,"href":"https:\/\/radiowebmx.com\/nota\/wp-json\/wp\/v2\/posts\/53636\/revisions"}],"predecessor-version":[{"id":53638,"href":"https:\/\/radiowebmx.com\/nota\/wp-json\/wp\/v2\/posts\/53636\/revisions\/53638"}],"wp:featuredmedia":[{"embeddable":true,"href":"https:\/\/radiowebmx.com\/nota\/wp-json\/wp\/v2\/media\/53637"}],"wp:attachment":[{"href":"https:\/\/radiowebmx.com\/nota\/wp-json\/wp\/v2\/media?parent=53636"}],"wp:term":[{"taxonomy":"category","embeddable":true,"href":"https:\/\/radiowebmx.com\/nota\/wp-json\/wp\/v2\/categories?post=53636"},{"taxonomy":"post_tag","embeddable":true,"href":"https:\/\/radiowebmx.com\/nota\/wp-json\/wp\/v2\/tags?post=53636"}],"curies":[{"name":"wp","href":"https:\/\/api.w.org\/{rel}","templated":true}]}}