{"id":53633,"date":"2018-05-29T13:39:34","date_gmt":"2018-05-29T18:39:34","guid":{"rendered":"https:\/\/radiowebmx.com\/nota\/?p=53633"},"modified":"2018-05-29T13:39:34","modified_gmt":"2018-05-29T18:39:34","slug":"procedimientos-de-juicios-politicos-no-estan-sujetos-a-tiempos-electorales-mario-armando-mendoza","status":"publish","type":"post","link":"https:\/\/radiowebmx.com\/nota\/procedimientos-de-juicios-politicos-no-estan-sujetos-a-tiempos-electorales-mario-armando-mendoza\/","title":{"rendered":"Procedimientos de juicios pol\u00edticos no est\u00e1n sujetos a tiempos electorales: Mario Armando Mendoza"},"content":{"rendered":"<p class=\"x_gmail-MsoListParagraph\"><strong>\u00b7\u00a0\u00a0\u00a0\u00a0\u00a0\u00a0\u00a0\u00a0\u00a0La ley marca plazos y tiempos para resolverlos, es inviable suspender el procedimiento legislativo<\/strong><\/p>\n<p class=\"x_MsoNormal\"><b>Morelia; Michoac\u00e1n, 29 de mayo de 2018<\/b>.- El procedimiento legislativo cuenta con plazos legales precisos y no est\u00e1 sujeto a calendarios electorales, afirm\u00f3 el diputado Mario Armando Mendoza Guzm\u00e1n, integrante de la Comisi\u00f3n Jurisdiccional del Congreso local, al se\u00f1alar que dicho cuerpo colegiado cumpli\u00f3 en tiempo y forma, con lo que marca la norma en materia de juicios pol\u00edticos.<\/p>\n<p class=\"x_MsoNormal\">Record\u00f3 que la Ley establece que es un a\u00f1o el plazo legal para que se realice el juicio, por lo que la Comisi\u00f3n entreg\u00f3 en tiempo y forma los dict\u00e1menes que corresponden a los casos espec\u00edficos de Maravat\u00edo y Jacona. Posteriormente fueron turnados a la Mesa Directiva, o bien la Junta de Coordinaci\u00f3n Pol\u00edtica para darle tr\u00e1mite, tal como lo faculta la ley.<\/p>\n<p class=\"x_MsoNormal\">La Comisi\u00f3n Jurisdiccional trabaja de acuerdo a los tiempos que marca la norma, nuestro actuar no se basa en c\u00e1lculos pol\u00edticos, sabemos la gran responsabilidad que reviste dar resultados a los ciudadanos y generar certeza. En ese sentido, cualquier acci\u00f3n que compete al Congreso del Estado se har\u00e1 conforme a lo que establece la Constituci\u00f3n y la Ley Org\u00e1nica y de Procedimientos de este Poder\u201d, afirm\u00f3 el diputado del PRI.<\/p>\n<p class=\"x_MsoNormal\">El diputado manifest\u00f3 el compromiso de los integrantes de la Comisi\u00f3n Jurisdiccional para desahogar los tr\u00e1mites en los tiempos que marca la Ley, y los cuales se han cumplido. Asimismo, es fundamental el conocimiento de la legislaci\u00f3n aplicable en estos casos, para evitar suspicacias sobre el actuar de los miembros de las comisiones responsables de analizar los temas de juicios pol\u00edticos, quienes en todo momento se han conducido con responsabilidad y apego a la norma vigente.<\/p>\n<p class=\"x_MsoNormal\">Resulta inviable detener los juicios pol\u00edticos, pues de hacerlo se caer\u00eda en violaciones al procedimiento legislativo, lo que obligar\u00eda en su caso al presidente de la Mesa Directiva del Congreso del Estado, actuar y revisar que ocurre con estos temas, subray\u00f3.<\/p>\n","protected":false},"excerpt":{"rendered":"<p>\u00b7\u00a0\u00a0\u00a0\u00a0\u00a0\u00a0\u00a0\u00a0\u00a0La ley marca plazos y tiempos para resolverlos, es inviable suspender el procedimiento legislativo Morelia; Michoac\u00e1n, 29 de mayo de 2018.- El procedimiento legislativo cuenta con plazos legales precisos y no est\u00e1 sujeto a calendarios electorales, afirm\u00f3 el diputado Mario Armando Mendoza Guzm\u00e1n, integrante de la Comisi\u00f3n Jurisdiccional del Congreso local, al se\u00f1alar que dicho [&hellip;]<\/p>\n","protected":false},"author":2,"featured_media":53634,"comment_status":"closed","ping_status":"closed","sticky":false,"template":"","format":"standard","meta":{"footnotes":""},"categories":[6,14],"tags":[],"class_list":["post-53633","post","type-post","status-publish","format-standard","has-post-thumbnail","hentry","category-congreso-del-estado","category-destacadas"],"_links":{"self":[{"href":"https:\/\/radiowebmx.com\/nota\/wp-json\/wp\/v2\/posts\/53633","targetHints":{"allow":["GET"]}}],"collection":[{"href":"https:\/\/radiowebmx.com\/nota\/wp-json\/wp\/v2\/posts"}],"about":[{"href":"https:\/\/radiowebmx.com\/nota\/wp-json\/wp\/v2\/types\/post"}],"author":[{"embeddable":true,"href":"https:\/\/radiowebmx.com\/nota\/wp-json\/wp\/v2\/users\/2"}],"replies":[{"embeddable":true,"href":"https:\/\/radiowebmx.com\/nota\/wp-json\/wp\/v2\/comments?post=53633"}],"version-history":[{"count":1,"href":"https:\/\/radiowebmx.com\/nota\/wp-json\/wp\/v2\/posts\/53633\/revisions"}],"predecessor-version":[{"id":53635,"href":"https:\/\/radiowebmx.com\/nota\/wp-json\/wp\/v2\/posts\/53633\/revisions\/53635"}],"wp:featuredmedia":[{"embeddable":true,"href":"https:\/\/radiowebmx.com\/nota\/wp-json\/wp\/v2\/media\/53634"}],"wp:attachment":[{"href":"https:\/\/radiowebmx.com\/nota\/wp-json\/wp\/v2\/media?parent=53633"}],"wp:term":[{"taxonomy":"category","embeddable":true,"href":"https:\/\/radiowebmx.com\/nota\/wp-json\/wp\/v2\/categories?post=53633"},{"taxonomy":"post_tag","embeddable":true,"href":"https:\/\/radiowebmx.com\/nota\/wp-json\/wp\/v2\/tags?post=53633"}],"curies":[{"name":"wp","href":"https:\/\/api.w.org\/{rel}","templated":true}]}}