{"id":53629,"date":"2018-05-29T11:51:37","date_gmt":"2018-05-29T16:51:37","guid":{"rendered":"https:\/\/radiowebmx.com\/nota\/?p=53629"},"modified":"2018-05-29T11:51:37","modified_gmt":"2018-05-29T16:51:37","slug":"urge-reactivar-los-trabajos-para-atender-la-violencia-contra-de-la-mujer-socorro-quintana","status":"publish","type":"post","link":"https:\/\/radiowebmx.com\/nota\/urge-reactivar-los-trabajos-para-atender-la-violencia-contra-de-la-mujer-socorro-quintana\/","title":{"rendered":"Urge reactivar los trabajos para atender la violencia contra de la mujer: Socorro Quintana"},"content":{"rendered":"<p class=\"x_MsoNormal\"><b>Morelia; Michoac\u00e1n, 29 de mayo de 2018<\/b>.- A pesar de los llamados que se han realizado para reactivar los trabajos de prevenci\u00f3n y erradicaci\u00f3n de la violencia en contra de la mujer, esto no ha sucedido, y peor a\u00fan, las modalidades han cambiado y suman s\u00f3lo cifras alarmantes a la estad\u00edstica de violencia contra las mujeres, se\u00f1al\u00f3 la diputada local Socorro Quintana.<\/p>\n<p class=\"x_MsoNormal\">En pleno proceso electoral se visibiliza la descalificaci\u00f3n y menosprecio de las mujeres que, con todo el talento y valent\u00eda, ahora contienden por un cargo de elecci\u00f3n popular y no se ha emprendido ninguna acci\u00f3n de fondo para evitar este tipo de violencia.<\/p>\n<p class=\"x_MsoNormal\">\u201cEs fundamental que los trabajos para facilitar el desarrollo del g\u00e9nero femenino no se detengan pues ello significa el desarrollo de la misma sociedad\u201d, consider\u00f3 la legisladora.<\/p>\n<p class=\"x_MsoNormal\">Quintana Le\u00f3n manifest\u00f3 tambi\u00e9n que es de suma importancia que los diferentes institutos pol\u00edticos participen m\u00e1s desde el interior de sus partidos y realicen trabajo en conjunto con el Observatorio de Participaci\u00f3n Pol\u00edtica de la Mujer, y se d\u00e9 seguimiento a los mismos.<\/p>\n<p class=\"x_MsoNormal\">En ese tenor, y de acuerdo con sus estatutos, sean sancionados en cuanto se logra la tipificaci\u00f3n en el C\u00f3digo Penal y se sancione conforme a la ley.<\/p>\n<p class=\"x_MsoNormal\">En este marco, Quintana Le\u00f3n, record\u00f3 que Michoac\u00e1n ya es un foco rojo en tema de Violencia de G\u00e9nero, por lo que asever\u00f3 que debe actuarse de manera inmediata, a fin de poner un alto a todos los actos que atenten contra la vida y la integridad de cualquier mujer.<\/p>\n<p class=\"x_MsoNormal\">Finalmente, urgi\u00f3 a realizar campa\u00f1as de promoci\u00f3n y concientizaci\u00f3n sobre el alza que hay en los delitos de violencia de g\u00e9nero.<\/p>\n","protected":false},"excerpt":{"rendered":"<p>Morelia; Michoac\u00e1n, 29 de mayo de 2018.- A pesar de los llamados que se han realizado para reactivar los trabajos de prevenci\u00f3n y erradicaci\u00f3n de la violencia en contra de la mujer, esto no ha sucedido, y peor a\u00fan, las modalidades han cambiado y suman s\u00f3lo cifras alarmantes a la estad\u00edstica de violencia contra las [&hellip;]<\/p>\n","protected":false},"author":2,"featured_media":53630,"comment_status":"closed","ping_status":"closed","sticky":false,"template":"","format":"standard","meta":{"footnotes":""},"categories":[6,14],"tags":[],"class_list":["post-53629","post","type-post","status-publish","format-standard","has-post-thumbnail","hentry","category-congreso-del-estado","category-destacadas"],"_links":{"self":[{"href":"https:\/\/radiowebmx.com\/nota\/wp-json\/wp\/v2\/posts\/53629","targetHints":{"allow":["GET"]}}],"collection":[{"href":"https:\/\/radiowebmx.com\/nota\/wp-json\/wp\/v2\/posts"}],"about":[{"href":"https:\/\/radiowebmx.com\/nota\/wp-json\/wp\/v2\/types\/post"}],"author":[{"embeddable":true,"href":"https:\/\/radiowebmx.com\/nota\/wp-json\/wp\/v2\/users\/2"}],"replies":[{"embeddable":true,"href":"https:\/\/radiowebmx.com\/nota\/wp-json\/wp\/v2\/comments?post=53629"}],"version-history":[{"count":1,"href":"https:\/\/radiowebmx.com\/nota\/wp-json\/wp\/v2\/posts\/53629\/revisions"}],"predecessor-version":[{"id":53631,"href":"https:\/\/radiowebmx.com\/nota\/wp-json\/wp\/v2\/posts\/53629\/revisions\/53631"}],"wp:featuredmedia":[{"embeddable":true,"href":"https:\/\/radiowebmx.com\/nota\/wp-json\/wp\/v2\/media\/53630"}],"wp:attachment":[{"href":"https:\/\/radiowebmx.com\/nota\/wp-json\/wp\/v2\/media?parent=53629"}],"wp:term":[{"taxonomy":"category","embeddable":true,"href":"https:\/\/radiowebmx.com\/nota\/wp-json\/wp\/v2\/categories?post=53629"},{"taxonomy":"post_tag","embeddable":true,"href":"https:\/\/radiowebmx.com\/nota\/wp-json\/wp\/v2\/tags?post=53629"}],"curies":[{"name":"wp","href":"https:\/\/api.w.org\/{rel}","templated":true}]}}