{"id":53626,"date":"2018-05-28T15:27:49","date_gmt":"2018-05-28T20:27:49","guid":{"rendered":"https:\/\/radiowebmx.com\/nota\/?p=53626"},"modified":"2018-05-29T10:31:02","modified_gmt":"2018-05-29T15:31:02","slug":"congreso-desde-la-ley-fortalecera-la-lucha-contra-el-cancer-de-mama-rogelio-trejo","status":"publish","type":"post","link":"https:\/\/radiowebmx.com\/nota\/congreso-desde-la-ley-fortalecera-la-lucha-contra-el-cancer-de-mama-rogelio-trejo\/","title":{"rendered":"Congreso desde la Ley fortalecer\u00e1 la lucha contra el c\u00e1ncer de mama: Rogelio Trejo"},"content":{"rendered":"<p class=\"x_MsoNormal\"><b>Morelia; Michoac\u00e1n, 28 de mayo de 2018<\/b>.-\u00a0Con el objetivo de ampliar la cobertura\u00a0\u00a0y fortalecer las estrategias contra la morbilidad y mortalidad del c\u00e1ncer de mama en la poblaci\u00f3n rural, en la Comisi\u00f3n de Salud y Asistencia Social se dictaminaron las reformas a la Ley de Salud del Estado, inform\u00f3 el diputado Rogelio Trejo Trejo.<\/p>\n<p class=\"x_MsoNormal\">El diputado presidente de la Comisi\u00f3n de Salud y Asistencia Social, mencion\u00f3 que se dictamin\u00f3 la iniciativa presentada por la diputada con licencia Adriana Campos, mediante la cual se reforma la Ley de Salud del Estado, misma que tiene como finalidad\u00a0\u00a0ampliar la redacci\u00f3n legal para que, en el estudio epidemiol\u00f3gico que implica el c\u00e1ncer de mama, se prevean formatos y actividades, adem\u00e1s de la prevenci\u00f3n y tratamiento, de detecci\u00f3n, diagnostico, de responsabilidad en el autocuidado de la salud.<\/p>\n<p class=\"x_MsoNormal\">El diputado local por el Distrito de Maravat\u00edo explic\u00f3 que en el segundo p\u00e1rrafo del art\u00edculo 31 de la Ley dispone que la Secretar\u00eda de Salud implementar\u00e1 y desarrollar\u00e1 diversos programas y actividades con el fin de combatir las enfermedades graves de la mujer como lo son el c\u00e1ncer c\u00e9rvico uterino y c\u00e1ncer de mama.<\/p>\n<p class=\"x_MsoNormal\">En ese sentido, en el dictamen que se someter\u00e1 a la consideraci\u00f3n del Pleno de la LXXIII Legislatura Local se establece ampliar la redacci\u00f3n legal para que, en el estudio epidemiol\u00f3gico que implica el c\u00e1ncer de mama, se prevean formatos y actividades, adem\u00e1s de la prevenci\u00f3n y tratamiento, de detecci\u00f3n, diagnostico, de responsabilidad en el autocuidado de la salud, pruebas de control de calidad adecuado de los procedimientos mamarios y vigilancia epidemiol\u00f3gica que se deriva del Sistema Nacional (SINAVE).<\/p>\n<p class=\"x_MsoNormal\">Adem\u00e1s se reforma la fracci\u00f3n III, del mismo numeral, con el fin de incorporar otros tipos de intervenci\u00f3n espec\u00edfica para la prevenci\u00f3n secundaria del c\u00e1ncer de mama, mediante la autoexploraci\u00f3n y la mastograf\u00eda, actividades que, si se procede adecuadamente, detectan de manera oportuna los factores de riesgo y la lesi\u00f3n.<\/p>\n<p class=\"x_MsoNormal\">Asimismo en ese contexto, se establece que debe promoverse la conveniencia de la toma de la mastograf\u00eda anualmente o cada dos a\u00f1os, entre mujeres de 40 a 49 a\u00f1os con dos o m\u00e1s factores de riesgo y en forma anual a toda mujer de 50 a\u00f1os o m\u00e1s, por indicaci\u00f3n m\u00e9dica y con la autorizaci\u00f3n de la interesada, de existir el recurso. Es importante que en las unidades m\u00e9dicas de la Secretar\u00eda de Salud el servicio de mastograf\u00eda no se niegue a ninguna mujer por razones de tipo econ\u00f3mico.<\/p>\n<p class=\"x_MsoNormal\">Rogelio Trejo mencion\u00f3 que con la adici\u00f3n de la fracci\u00f3n VIII, se prev\u00e9 la funci\u00f3n del prestador de servicios de salud para que ense\u00f1e la t\u00e9cnica de autoexploraci\u00f3n a todas las mujeres que acudan a los centros de salud, actividades que deber\u00e1n difundirse de acuerdo con los lineamientos de cada instituci\u00f3n.<\/p>\n<p class=\"x_MsoNormal\">De la misma forma se establece que se atienda\u00a0\u00a0y ampl\u00ede la cobertura de estrategias contra la morbilidad mortalidad de c\u00e1ncer de mama en la poblaci\u00f3n rural, que representa el 13 por ciento del total.<\/p>\n<p class=\"x_MsoNormal\">Se\u00f1al\u00f3 que al interior de las comisiones existen coincidencias de que es necesaria la acci\u00f3n legislativa para que, desde la norma, se prevea la atenci\u00f3n especial de esta poblaci\u00f3n en situaci\u00f3n de vulnerabilidad, frente a la gravedad de los c\u00e1nceres c\u00e9rvico uterino y de mama.<\/p>\n<p class=\"x_MsoNormal\">Asimismo mencion\u00f3 que se establece unificar las acciones en salud y contribuir a la disminuci\u00f3n de las tendencias de mortalidad por esta patolog\u00eda.<\/p>\n","protected":false},"excerpt":{"rendered":"<p>Morelia; Michoac\u00e1n, 28 de mayo de 2018.-\u00a0Con el objetivo de ampliar la cobertura\u00a0\u00a0y fortalecer las estrategias contra la morbilidad y mortalidad del c\u00e1ncer de mama en la poblaci\u00f3n rural, en la Comisi\u00f3n de Salud y Asistencia Social se dictaminaron las reformas a la Ley de Salud del Estado, inform\u00f3 el diputado Rogelio Trejo Trejo. El [&hellip;]<\/p>\n","protected":false},"author":2,"featured_media":53627,"comment_status":"closed","ping_status":"closed","sticky":false,"template":"","format":"standard","meta":{"footnotes":""},"categories":[6,14],"tags":[],"class_list":["post-53626","post","type-post","status-publish","format-standard","has-post-thumbnail","hentry","category-congreso-del-estado","category-destacadas"],"_links":{"self":[{"href":"https:\/\/radiowebmx.com\/nota\/wp-json\/wp\/v2\/posts\/53626","targetHints":{"allow":["GET"]}}],"collection":[{"href":"https:\/\/radiowebmx.com\/nota\/wp-json\/wp\/v2\/posts"}],"about":[{"href":"https:\/\/radiowebmx.com\/nota\/wp-json\/wp\/v2\/types\/post"}],"author":[{"embeddable":true,"href":"https:\/\/radiowebmx.com\/nota\/wp-json\/wp\/v2\/users\/2"}],"replies":[{"embeddable":true,"href":"https:\/\/radiowebmx.com\/nota\/wp-json\/wp\/v2\/comments?post=53626"}],"version-history":[{"count":1,"href":"https:\/\/radiowebmx.com\/nota\/wp-json\/wp\/v2\/posts\/53626\/revisions"}],"predecessor-version":[{"id":53628,"href":"https:\/\/radiowebmx.com\/nota\/wp-json\/wp\/v2\/posts\/53626\/revisions\/53628"}],"wp:featuredmedia":[{"embeddable":true,"href":"https:\/\/radiowebmx.com\/nota\/wp-json\/wp\/v2\/media\/53627"}],"wp:attachment":[{"href":"https:\/\/radiowebmx.com\/nota\/wp-json\/wp\/v2\/media?parent=53626"}],"wp:term":[{"taxonomy":"category","embeddable":true,"href":"https:\/\/radiowebmx.com\/nota\/wp-json\/wp\/v2\/categories?post=53626"},{"taxonomy":"post_tag","embeddable":true,"href":"https:\/\/radiowebmx.com\/nota\/wp-json\/wp\/v2\/tags?post=53626"}],"curies":[{"name":"wp","href":"https:\/\/api.w.org\/{rel}","templated":true}]}}