{"id":53623,"date":"2018-05-28T15:28:57","date_gmt":"2018-05-28T20:28:57","guid":{"rendered":"https:\/\/radiowebmx.com\/nota\/?p=53623"},"modified":"2018-05-29T10:29:40","modified_gmt":"2018-05-29T15:29:40","slug":"avalan-que-se-declare-1-de-diciembre-dia-estatal-de-la-lucha-contra-el-vihsida-raul-prieto","status":"publish","type":"post","link":"https:\/\/radiowebmx.com\/nota\/avalan-que-se-declare-1-de-diciembre-dia-estatal-de-la-lucha-contra-el-vihsida-raul-prieto\/","title":{"rendered":"Avalan que se declare 1 de diciembre D\u00eda Estatal de la Lucha Contra el VIH\/SIDA: Ra\u00fal Prieto"},"content":{"rendered":"<p class=\"x_MsoNormal\"><b>Morelia; Michoac\u00e1n, 28 de mayo de 2018<\/b>.-\u00a0En Michoac\u00e1n se declarar\u00e1 que cada primero de diciembre de cada a\u00f1o sea el D\u00eda Estatal de la Lucha Contra el VIH\/SIDA, afirm\u00f3 el diputado Ra\u00fal Prieto G\u00f3mez integrante de la Comisi\u00f3n de Salud y Asistencia Social, al referir que ya se aprob\u00f3 el dictamen y se pasar\u00e1 al Pleno de la LXXIII Legislatura Local y que con el mismo se contribuir\u00e1 a fortalecer las acciones de prevenci\u00f3n y de informaci\u00f3n.<\/p>\n<p class=\"x_MsoNormal\">El diputado local mencion\u00f3 que se dictamin\u00f3 en comisiones de Salud y Asistencia Social y de Derechos Humanos, dicha iniciativa que fue presentada en su momento por el diputado local con licencia Raymundo Arreola.<\/p>\n<p class=\"x_MsoNormal\">Destac\u00f3 que en comisiones se coincidi\u00f3 el declarar el primero de diciembre de cada a\u00f1o como el D\u00eda Estatal de la Lucha Contra el VIH\/SIDA como lo propuso el diputado con licencia, al considerar que esta fecha contribuye a que se realicen campa\u00f1as de prevenci\u00f3n y atenci\u00f3n.<\/p>\n<p class=\"x_MsoNormal\">En el dictamen se estableci\u00f3 que \u201cse declara en el Estado de Michoac\u00e1n de Ocampo, el D\u00eda 1\u00b0 de diciembre de cada a\u00f1o como el D\u00eda Estatal de la Lucha contra el Virus de Inmunodeficiencia Humana-S\u00edndrome de Inmunodeficiencia Adquirida VIH\/SIDA, con el objeto de prevenir, concientizar e informar a la poblaci\u00f3n, de los riesgos que implica esta enfermedad como un problema de salud p\u00fablica\u201d.<\/p>\n<p class=\"x_MsoNormal\">El diputado local por el Distrito de Zinap\u00e9cuaro, consider\u00f3 necesario seguir cerrando filas para sensibilizar a todos los ciudadanos sobre la prevenci\u00f3n y sobre el respeto a las personas con esta enfermedad.<\/p>\n<p class=\"x_MsoNormal\">Record\u00f3 que a nivel internacional se estableci\u00f3 el primer d\u00eda del mes de diciembre como el D\u00eda Mundial de la Lucha contra el SIDA, exaltando esta conmemoraci\u00f3n, como uno de los d\u00edas internacionales de la salud de mayor importancia y reconocimiento a nivel mundial, teniendo como finalidad no solo recordarnos de la existencia de este padecimiento sino que debemos de crear conciencia de la importancia en cuanto al apoyo continuo para combatir este mal.<\/p>\n<p class=\"x_MsoNormal\">Alrededor del mundo y a pesar de los esfuerzos realizados a m\u00e1s de tres d\u00e9cadas desde su descubrimiento, no se ha podido revertir el n\u00famero de contagios y en consecuencia el n\u00famero de decesos, de all\u00ed la importancia de este d\u00eda en especial para la lucha contra este flagelo.<\/p>\n<p class=\"x_MsoNormal\">En M\u00e9xico, seg\u00fan datos oficiales de CENSIDA, desde 1983 al Primer semestre del 2017 se tienen diagnosticados a un total de 191,336 casos de VIH\/SIDA y en Michoac\u00e1n en el mismo periodo 5974 casos.<\/p>\n","protected":false},"excerpt":{"rendered":"<p>Morelia; Michoac\u00e1n, 28 de mayo de 2018.-\u00a0En Michoac\u00e1n se declarar\u00e1 que cada primero de diciembre de cada a\u00f1o sea el D\u00eda Estatal de la Lucha Contra el VIH\/SIDA, afirm\u00f3 el diputado Ra\u00fal Prieto G\u00f3mez integrante de la Comisi\u00f3n de Salud y Asistencia Social, al referir que ya se aprob\u00f3 el dictamen y se pasar\u00e1 al [&hellip;]<\/p>\n","protected":false},"author":2,"featured_media":53624,"comment_status":"closed","ping_status":"closed","sticky":false,"template":"","format":"standard","meta":{"footnotes":""},"categories":[6,14],"tags":[],"class_list":["post-53623","post","type-post","status-publish","format-standard","has-post-thumbnail","hentry","category-congreso-del-estado","category-destacadas"],"_links":{"self":[{"href":"https:\/\/radiowebmx.com\/nota\/wp-json\/wp\/v2\/posts\/53623","targetHints":{"allow":["GET"]}}],"collection":[{"href":"https:\/\/radiowebmx.com\/nota\/wp-json\/wp\/v2\/posts"}],"about":[{"href":"https:\/\/radiowebmx.com\/nota\/wp-json\/wp\/v2\/types\/post"}],"author":[{"embeddable":true,"href":"https:\/\/radiowebmx.com\/nota\/wp-json\/wp\/v2\/users\/2"}],"replies":[{"embeddable":true,"href":"https:\/\/radiowebmx.com\/nota\/wp-json\/wp\/v2\/comments?post=53623"}],"version-history":[{"count":1,"href":"https:\/\/radiowebmx.com\/nota\/wp-json\/wp\/v2\/posts\/53623\/revisions"}],"predecessor-version":[{"id":53625,"href":"https:\/\/radiowebmx.com\/nota\/wp-json\/wp\/v2\/posts\/53623\/revisions\/53625"}],"wp:featuredmedia":[{"embeddable":true,"href":"https:\/\/radiowebmx.com\/nota\/wp-json\/wp\/v2\/media\/53624"}],"wp:attachment":[{"href":"https:\/\/radiowebmx.com\/nota\/wp-json\/wp\/v2\/media?parent=53623"}],"wp:term":[{"taxonomy":"category","embeddable":true,"href":"https:\/\/radiowebmx.com\/nota\/wp-json\/wp\/v2\/categories?post=53623"},{"taxonomy":"post_tag","embeddable":true,"href":"https:\/\/radiowebmx.com\/nota\/wp-json\/wp\/v2\/tags?post=53623"}],"curies":[{"name":"wp","href":"https:\/\/api.w.org\/{rel}","templated":true}]}}