{"id":53620,"date":"2018-05-28T15:49:50","date_gmt":"2018-05-28T20:49:50","guid":{"rendered":"https:\/\/radiowebmx.com\/nota\/?p=53620"},"modified":"2018-05-29T10:28:47","modified_gmt":"2018-05-29T15:28:47","slug":"congreso-comprometido-con-fortalecer-desarrollo-de-michoacan-angel-cedillo","status":"publish","type":"post","link":"https:\/\/radiowebmx.com\/nota\/congreso-comprometido-con-fortalecer-desarrollo-de-michoacan-angel-cedillo\/","title":{"rendered":"Congreso comprometido con fortalecer desarrollo de Michoac\u00e1n: \u00c1ngel Cedillo"},"content":{"rendered":"<p class=\"x_MsoNormal\"><b>Morelia; Michoac\u00e1n, 28 de mayo de 2018<\/b>.-\u00a0En esta recta final de la LXXIII Legislatura Local de Michoac\u00e1n, el objetivo de los integrantes de la Junta de Coordinaci\u00f3n Pol\u00edtica es enfocar la labor legislativa en la construcci\u00f3n del andamiaje legal que contribuya a fortalecer el desarrollo de Michoac\u00e1n y de los ciudadanos, afirm\u00f3 el diputado \u00c1ngel Cedillo Hern\u00e1ndez, quien mencion\u00f3 que en la reuni\u00f3n de la JUCOPO se definieron los temas que habr\u00e1n de ponerse a consideraci\u00f3n del Pleno en la sesi\u00f3n del pr\u00f3ximo mi\u00e9rcoles, a las 8 de la ma\u00f1ana.<\/p>\n<p class=\"x_MsoNormal\">El tambi\u00e9n coordinador del Grupo Parlamentario del Partido de la Revoluci\u00f3n Democr\u00e1tica mencion\u00f3 que en la reuni\u00f3n de la Junta este d\u00eda se definieron los temas que se abordar\u00e1n en la sesi\u00f3n; entre ellos indic\u00f3 que se someter\u00e1 al Pleno el dictamen que contiene el ha lugar de la iniciativa mediante la cual se propone transformar la Procuradur\u00eda General de Justicia en Fiscal\u00eda Estatal de Justicia, misma que se turnar\u00e1 a comisiones para su estudio, discusi\u00f3n y dictamen.<\/p>\n<p class=\"x_MsoNormal\">As\u00ed tambi\u00e9n mencion\u00f3 que se dar\u00e1 \u00e9l ha lugar a la iniciativa que propone armonizar la Ley Local de Fiscalizaci\u00f3n Superior, con la Constituci\u00f3n Pol\u00edtica de los Estados Unidos Mexicanos y con la Ley Federal de la materia, en la que se plantea el plazo para que el Congreso Local concluya el proceso de revisi\u00f3n de la cuenta p\u00fablica.<\/p>\n<p class=\"x_MsoNormal\">De la misma forma, \u00c1ngel Cedillo se\u00f1al\u00f3 que se le dar\u00e1 \u00e9l ha lugar a la iniciativa que plantea que los juicios y procedimiento seguidos en forma de juicio en los que se establezca como regla la oralidad.<\/p>\n<p class=\"x_MsoNormal\">El legislador mencion\u00f3 que en otros temas que se analizaron en la JUCOPO fue lo relativo a los avances de la agenda legislativa y trabajo en comisiones, donde se coincidi\u00f3 en que se debe acelerar el trabajo para dictaminar y analizar los temas que se tienen en las mismas.<\/p>\n<p class=\"x_MsoNormal\">\u201cLa labor de un legislador s\u00f3lo se legitima cuando camina a la par de quienes representa y cumplir nuestra encomienda se basa desde la atenci\u00f3n a los ciudadanos, pero tambi\u00e9n legislando y sacando los temas pendientes\u201d.<\/p>\n<p class=\"x_MsoNormal\">Por lo anterior, mencion\u00f3 que existen coincidencias de que en esta recta final las y los diputados cerrar\u00e1n filas e intensificar\u00e1n el trabajo en comisiones para sacar los temas pendientes.<\/p>\n<p class=\"x_MsoNormal\">\n","protected":false},"excerpt":{"rendered":"<p>Morelia; Michoac\u00e1n, 28 de mayo de 2018.-\u00a0En esta recta final de la LXXIII Legislatura Local de Michoac\u00e1n, el objetivo de los integrantes de la Junta de Coordinaci\u00f3n Pol\u00edtica es enfocar la labor legislativa en la construcci\u00f3n del andamiaje legal que contribuya a fortalecer el desarrollo de Michoac\u00e1n y de los ciudadanos, afirm\u00f3 el diputado \u00c1ngel [&hellip;]<\/p>\n","protected":false},"author":2,"featured_media":53621,"comment_status":"closed","ping_status":"closed","sticky":false,"template":"","format":"standard","meta":{"footnotes":""},"categories":[6,14],"tags":[],"class_list":["post-53620","post","type-post","status-publish","format-standard","has-post-thumbnail","hentry","category-congreso-del-estado","category-destacadas"],"_links":{"self":[{"href":"https:\/\/radiowebmx.com\/nota\/wp-json\/wp\/v2\/posts\/53620","targetHints":{"allow":["GET"]}}],"collection":[{"href":"https:\/\/radiowebmx.com\/nota\/wp-json\/wp\/v2\/posts"}],"about":[{"href":"https:\/\/radiowebmx.com\/nota\/wp-json\/wp\/v2\/types\/post"}],"author":[{"embeddable":true,"href":"https:\/\/radiowebmx.com\/nota\/wp-json\/wp\/v2\/users\/2"}],"replies":[{"embeddable":true,"href":"https:\/\/radiowebmx.com\/nota\/wp-json\/wp\/v2\/comments?post=53620"}],"version-history":[{"count":1,"href":"https:\/\/radiowebmx.com\/nota\/wp-json\/wp\/v2\/posts\/53620\/revisions"}],"predecessor-version":[{"id":53622,"href":"https:\/\/radiowebmx.com\/nota\/wp-json\/wp\/v2\/posts\/53620\/revisions\/53622"}],"wp:featuredmedia":[{"embeddable":true,"href":"https:\/\/radiowebmx.com\/nota\/wp-json\/wp\/v2\/media\/53621"}],"wp:attachment":[{"href":"https:\/\/radiowebmx.com\/nota\/wp-json\/wp\/v2\/media?parent=53620"}],"wp:term":[{"taxonomy":"category","embeddable":true,"href":"https:\/\/radiowebmx.com\/nota\/wp-json\/wp\/v2\/categories?post=53620"},{"taxonomy":"post_tag","embeddable":true,"href":"https:\/\/radiowebmx.com\/nota\/wp-json\/wp\/v2\/tags?post=53620"}],"curies":[{"name":"wp","href":"https:\/\/api.w.org\/{rel}","templated":true}]}}