{"id":5362,"date":"2014-02-06T09:47:28","date_gmt":"2014-02-06T15:47:28","guid":{"rendered":"https:\/\/radiowebmx.com\/nota\/?p=5362"},"modified":"2014-02-06T09:47:28","modified_gmt":"2014-02-06T15:47:28","slug":"asiste-fausto-vallejo-a-ceremonia-por-el-xcvii-aniversario-de-la-promulgacion-de-la-constitucion","status":"publish","type":"post","link":"https:\/\/radiowebmx.com\/nota\/asiste-fausto-vallejo-a-ceremonia-por-el-xcvii-aniversario-de-la-promulgacion-de-la-constitucion\/","title":{"rendered":"ASISTE FAUSTO VALLEJO A CEREMONIA POR EL XCVII ANIVERSARIO DE LA PROMULGACI\u00d3N DE LA CONSTITUCI\u00d3N"},"content":{"rendered":"<p><a href=\"https:\/\/radiowebmx.com\/nota\/wp-content\/uploads\/2014\/02\/QUER\u00c9TARO-2.jpg\"><img loading=\"lazy\" decoding=\"async\" class=\"alignleft size-full wp-image-5363\" alt=\"QUER\u00c9TARO (2)\" src=\"https:\/\/radiowebmx.com\/nota\/wp-content\/uploads\/2014\/02\/QUER\u00c9TARO-2.jpg\" width=\"591\" height=\"285\" \/><\/a>El gobernador de Michoac\u00e1n, Fausto Vallejo Figueroa, acudi\u00f3 a la ceremonia conmemorativa por el XCVII Aniversario de la promulgaci\u00f3n de la Constituci\u00f3n Pol\u00edtica de 1917, la cual encabez\u00f3 el presidente de la Rep\u00fablica, Enrique Pe\u00f1a Nieto, quien convoc\u00f3 a los Poderes de las entidades federativas a seguir construyendo la sociedad de derechos que mandata nuestra ley suprema, adem\u00e1s de continuar el trabajo para cerrar la brecha entre el proyecto que estipula el ordenamiento jur\u00eddico y las condiciones reales del pa\u00eds.<\/p>\n<p>El Jefe del Ejecutivo Federal dijo que el objetivo es \u201cque la Carta Magna sea cada vez menos una aspiraci\u00f3n y sea cada vez m\u00e1s una realidad efectiva entre todos los mexicanos\u201d; asimismo extendi\u00f3 una invitaci\u00f3n para que los tres \u00f3rdenes y poderes de gobierno se unan al homenaje nacional que se realizar\u00e1 dentro de tres a\u00f1os con motivo del Centenario de creaci\u00f3n de este ordenamiento hist\u00f3rico.<\/p>\n<p>Tambi\u00e9n, Pe\u00f1a Nieto destac\u00f3 los beneficios de las reformas estructurales logradas, gracias a las cuales la ley suprema sigue plenamente vigente y la Naci\u00f3n emprende un nuevo rumbo hacia la igualdad y la protecci\u00f3n de los derechos sociales.<\/p>\n<p>En v\u00edsperas de esta ceremonia, qued\u00f3 formalmente instalado el Comit\u00e9 para la conmemoraci\u00f3n del Centenario de la Constituci\u00f3n de los Estados Unidos Mexicanos y su Consejo asesor.<\/p>\n<p>Expuso que este pacto social que sintetiza las m\u00e1s altas aspiraciones del pueblo, es un programa fundamental que orienta todas las acciones del gobierno, las libertades de las personas, la educaci\u00f3n como motor del desarrollo nacional, la\u00a0 seguridad en la tenencia de la tierra, y los derechos de los trabajadores, entre otros, que son\u00a0 principios que se deben preservar y ampliar cada d\u00eda, porque en esencia todos los art\u00edculos velan por el bienestar de los mexicanos.<\/p>\n<p>\u201cEstamos determinados a construir sociedad de derechos convencidos de que no es una utop\u00eda\u201d, manifest\u00f3 Enrique Pe\u00f1a.<\/p>\n<p>Por su parte, Jos\u00e9 Calzada Rovirosa, gobernador del estado de Quer\u00e9taro, destac\u00f3 los beneficios de contar con un marco jur\u00eddico que da sustento a la Naci\u00f3n, a sus instituciones y a la sociedad y coincidi\u00f3 con Emilio Chuayffett Chemor, secretario de Educaci\u00f3n P\u00fablica, en que el derecho a la educaci\u00f3n, consagrado en la Constituci\u00f3n, permiten transitar a mejores niveles de vida, as\u00ed como en que la Constituci\u00f3n articula una experiencia hist\u00f3rica con un programa civil.<\/p>\n<p>Por su parte, Juan Nepomuceno Silva Meza, presidente de la Suprema Corte de Justicia de la Naci\u00f3n, afirm\u00f3 que el cumplimiento de la ley es la mejor forma de alcanzar equidad social y desarrollo, y dijo que se deben observar con extrema pulcritud la forma y las normas; adem\u00e1s de que es preciso anteponer la fortaleza institucional al desorden, \u201cla paz y la seguridad y con ellas el desarrollo, est\u00e1n dentro de la Constituci\u00f3n, no fuera de ella\u201d, asever\u00f3.<\/p>\n<p>En tanto que Ricardo Anaya Cort\u00e9s, presidente de la Mesa Directiva de la C\u00e1mara de Diputados, dijo que modificar la Constituci\u00f3n fue un paso indispensable para trazar la ruta dl desarrollo del pa\u00eds, y que las reformas promulgadas en materia Laboral, Competencia Econ\u00f3mica, Telecomunicaciones, Pol\u00edtica Electoral y Energ\u00e9tica, son trascendentes pues significan la transformaci\u00f3n m\u00e1s profunda al marco jur\u00eddico, hecha\u00a0 en un per\u00edodo de casi 100 a\u00f1os.<\/p>\n<p>A su vez, Ra\u00fal Cervantes Andrade, presidente de la Mesa Directiva de la C\u00e1mara de Senadores, describi\u00f3 los beneficios y ventajas de la modificaci\u00f3n al marco jur\u00eddico, cuyo centro de la vida institucional es el ser humano.<\/p>\n<p>Asistieron a la ceremonia, el secretario de Gobernaci\u00f3n, Miguel \u00c1ngel Osorio Chong, gobernadores de los estados, entre ellos el de Michoac\u00e1n, Fausto Vallejo Figueroa, autoridades de los tres \u00f3rdenes de gobierno y representantes de la sociedad civil, entre otros.<\/p>\n","protected":false},"excerpt":{"rendered":"<p>El gobernador de Michoac\u00e1n, Fausto Vallejo Figueroa, acudi\u00f3 a la ceremonia conmemorativa por el XCVII Aniversario de la promulgaci\u00f3n de la Constituci\u00f3n Pol\u00edtica de 1917, la cual encabez\u00f3 el presidente de la Rep\u00fablica, Enrique Pe\u00f1a Nieto,<\/p>\n","protected":false},"author":1,"featured_media":0,"comment_status":"open","ping_status":"open","sticky":false,"template":"","format":"standard","meta":{"footnotes":""},"categories":[14,3],"tags":[],"class_list":["post-5362","post","type-post","status-publish","format-standard","hentry","category-destacadas","category-gobierno-del-estado-de-michoacan"],"_links":{"self":[{"href":"https:\/\/radiowebmx.com\/nota\/wp-json\/wp\/v2\/posts\/5362","targetHints":{"allow":["GET"]}}],"collection":[{"href":"https:\/\/radiowebmx.com\/nota\/wp-json\/wp\/v2\/posts"}],"about":[{"href":"https:\/\/radiowebmx.com\/nota\/wp-json\/wp\/v2\/types\/post"}],"author":[{"embeddable":true,"href":"https:\/\/radiowebmx.com\/nota\/wp-json\/wp\/v2\/users\/1"}],"replies":[{"embeddable":true,"href":"https:\/\/radiowebmx.com\/nota\/wp-json\/wp\/v2\/comments?post=5362"}],"version-history":[{"count":1,"href":"https:\/\/radiowebmx.com\/nota\/wp-json\/wp\/v2\/posts\/5362\/revisions"}],"predecessor-version":[{"id":5364,"href":"https:\/\/radiowebmx.com\/nota\/wp-json\/wp\/v2\/posts\/5362\/revisions\/5364"}],"wp:attachment":[{"href":"https:\/\/radiowebmx.com\/nota\/wp-json\/wp\/v2\/media?parent=5362"}],"wp:term":[{"taxonomy":"category","embeddable":true,"href":"https:\/\/radiowebmx.com\/nota\/wp-json\/wp\/v2\/categories?post=5362"},{"taxonomy":"post_tag","embeddable":true,"href":"https:\/\/radiowebmx.com\/nota\/wp-json\/wp\/v2\/tags?post=5362"}],"curies":[{"name":"wp","href":"https:\/\/api.w.org\/{rel}","templated":true}]}}