{"id":53611,"date":"2018-05-28T19:51:16","date_gmt":"2018-05-29T00:51:16","guid":{"rendered":"https:\/\/radiowebmx.com\/nota\/?p=53611"},"modified":"2018-05-29T10:16:53","modified_gmt":"2018-05-29T15:16:53","slug":"geronimo-color-asume-la-coordinacion-estatal-de-la-campana-de-jose-antonio-meade","status":"publish","type":"post","link":"https:\/\/radiowebmx.com\/nota\/geronimo-color-asume-la-coordinacion-estatal-de-la-campana-de-jose-antonio-meade\/","title":{"rendered":"Ger\u00f3nimo Color asume la coordinaci\u00f3n estatal de la campa\u00f1a de Jos\u00e9 Antonio Meade"},"content":{"rendered":"<p class=\"x_MsoNormal\"><span lang=\"ES-MX\"><span style=\"font-family: arial, helvetica, sans-serif;\">Con la finalidad de sumar esfuerzos en torno al proyecto ganador, Ger\u00f3nimo Color Gasca asumi\u00f3 la Coordinaci\u00f3n en Michoac\u00e1n de la campa\u00f1a de Jos\u00e9 Antonio Meade, candidato de la Coalici\u00f3n Todos por M\u00e9xico, que integran los partidos PRI, Nueva Alianza y PVEM.<\/span><\/span><\/p>\n<p class=\"x_MsoNormal\"><span lang=\"ES-MX\"><span style=\"font-family: arial, helvetica, sans-serif;\">Dicho nombramiento fue entregado por Eruviel \u00c1vila Villegas, ex Gobernador del Estado de M\u00e9xico, en representaci\u00f3n del Coordinador General, Aurelio Nu\u00f1o Mayer, y en presencia del ex Gobernador de Tlaxcala, Mariano Gonz\u00e1lez Zarur, Coordinador Regional de la 5ta circunscripci\u00f3n.<\/span><\/span><\/p>\n<p class=\"x_MsoNormal\"><span lang=\"ES-MX\"><span style=\"font-family: arial, helvetica, sans-serif;\">La encomienda tiene como objetivo\u00a0\u00a0consolidar una buena coordinaci\u00f3n y comunicaci\u00f3n con la estructura priista en Michoac\u00e1n.<\/span><\/span><\/p>\n<p class=\"x_MsoNormal\"><span lang=\"ES-MX\"><span style=\"font-family: arial, helvetica, sans-serif;\">Actualmente Ger\u00f3nimo Color Gasca es candidato a Diputado Federal por el Distrito 10 con cabecera en Morelia; mantiene 26 a\u00f1os de militancia dentro del PRI y se ha desempe\u00f1ado de manera destacada en distintas responsabilidades partidistas, as\u00ed como del servicio p\u00fablico dentro de los tres \u00f3rdenes de gobierno.\u00a0\u00a0\u00a0<\/span><\/span><\/p>\n<p class=\"x_MsoNormal\"><span lang=\"ES-MX\"><span style=\"font-family: arial, helvetica, sans-serif;\">Se da este nombramiento en un gesto de confianza hacia Ger\u00f3nimo Color, y con ello se garantiza la unidad de la militancia, la plena coordinaci\u00f3n con la campa\u00f1a nacional y el triunfo contundente en Michoac\u00e1n de quien ser\u00e1 el pr\u00f3ximo Presidente de M\u00e9xico.<\/span><\/span><\/p>\n<p class=\"x_MsoNormal\"><span lang=\"ES-MX\"><span style=\"font-family: arial, helvetica, sans-serif;\">Cabe mencionar que Ger\u00f3nimo Color Gasca, realiz\u00f3 un importante trabajo en la campa\u00f1a presidencial de Enrique Pe\u00f1a Nieto, adem\u00e1s de que trabaj\u00f3 hombro a hombro con Jos\u00e9 Antonio Meade dentro de la Secretar\u00eda de Desarrollo Social.<\/span><\/span><\/p>\n","protected":false},"excerpt":{"rendered":"<p>Con la finalidad de sumar esfuerzos en torno al proyecto ganador, Ger\u00f3nimo Color Gasca asumi\u00f3 la Coordinaci\u00f3n en Michoac\u00e1n de la campa\u00f1a de Jos\u00e9 Antonio Meade, candidato de la Coalici\u00f3n Todos por M\u00e9xico, que integran los partidos PRI, Nueva Alianza y PVEM. Dicho nombramiento fue entregado por Eruviel \u00c1vila Villegas, ex Gobernador del Estado de [&hellip;]<\/p>\n","protected":false},"author":2,"featured_media":53612,"comment_status":"closed","ping_status":"closed","sticky":false,"template":"","format":"standard","meta":{"footnotes":""},"categories":[14,90],"tags":[],"class_list":["post-53611","post","type-post","status-publish","format-standard","has-post-thumbnail","hentry","category-destacadas","category-elecciones-2018"],"_links":{"self":[{"href":"https:\/\/radiowebmx.com\/nota\/wp-json\/wp\/v2\/posts\/53611","targetHints":{"allow":["GET"]}}],"collection":[{"href":"https:\/\/radiowebmx.com\/nota\/wp-json\/wp\/v2\/posts"}],"about":[{"href":"https:\/\/radiowebmx.com\/nota\/wp-json\/wp\/v2\/types\/post"}],"author":[{"embeddable":true,"href":"https:\/\/radiowebmx.com\/nota\/wp-json\/wp\/v2\/users\/2"}],"replies":[{"embeddable":true,"href":"https:\/\/radiowebmx.com\/nota\/wp-json\/wp\/v2\/comments?post=53611"}],"version-history":[{"count":1,"href":"https:\/\/radiowebmx.com\/nota\/wp-json\/wp\/v2\/posts\/53611\/revisions"}],"predecessor-version":[{"id":53613,"href":"https:\/\/radiowebmx.com\/nota\/wp-json\/wp\/v2\/posts\/53611\/revisions\/53613"}],"wp:featuredmedia":[{"embeddable":true,"href":"https:\/\/radiowebmx.com\/nota\/wp-json\/wp\/v2\/media\/53612"}],"wp:attachment":[{"href":"https:\/\/radiowebmx.com\/nota\/wp-json\/wp\/v2\/media?parent=53611"}],"wp:term":[{"taxonomy":"category","embeddable":true,"href":"https:\/\/radiowebmx.com\/nota\/wp-json\/wp\/v2\/categories?post=53611"},{"taxonomy":"post_tag","embeddable":true,"href":"https:\/\/radiowebmx.com\/nota\/wp-json\/wp\/v2\/tags?post=53611"}],"curies":[{"name":"wp","href":"https:\/\/api.w.org\/{rel}","templated":true}]}}