{"id":53604,"date":"2018-05-28T14:20:15","date_gmt":"2018-05-28T19:20:15","guid":{"rendered":"https:\/\/radiowebmx.com\/nota\/?p=53604"},"modified":"2018-05-28T14:20:15","modified_gmt":"2018-05-28T19:20:15","slug":"urge-fortalecimiento-a-unidades-de-proteccion-civil-municipales-geronimo-color","status":"publish","type":"post","link":"https:\/\/radiowebmx.com\/nota\/urge-fortalecimiento-a-unidades-de-proteccion-civil-municipales-geronimo-color\/","title":{"rendered":"URGE FORTALECIMIENTO A UNIDADES DE PROTECCI\u00d3N CIVIL MUNICIPALES: GER\u00d3NIMO COLOR"},"content":{"rendered":"<p><img loading=\"lazy\" decoding=\"async\" class=\"\" src=\"https:\/\/attachment.outlook.live.net\/owa\/radiowebb@hotmail.com\/service.svc\/s\/GetAttachmentThumbnail?id=AQMkADAwATY0MDABLTk4MTctN2M1YS0wMAItMDAKAEYAAAOOW0aEhSUfTpTeQ3RRo4dLBwDbNPbMXMQTTr8HPYjb7YmwAAACAQwAAADbNPbMXMQTTr8HPYjb7YmwAAI6Of9ZAAAAARIAEAAhbtz0R85YT5%2FqVOnN2niu&amp;thumbnailType=2&amp;X-OWA-CANARY=hMfY3STqOU6o3KIE888QxgCoo9XPxNUYQ13YywLqxLoJd9gnIlVoJH7OFP1gWP4aziGbq2mYRnc.&amp;token=eyJhbGciOiJSUzI1NiIsImtpZCI6IjA2MDBGOUY2NzQ2MjA3MzdFNzM0MDRFMjg3QzQ1QTgxOENCN0NFQjgiLCJ4NXQiOiJCZ0Q1OW5SaUJ6Zm5OQVRpaDhSYWdZeTN6cmciLCJ0eXAiOiJKV1QifQ.eyJ2ZXIiOiJFeGNoYW5nZS5DYWxsYmFjay5WMSIsImFwcGN0eHNlbmRlciI6Ik93YURvd25sb2FkQDg0ZGY5ZTdmLWU5ZjYtNDBhZi1iNDM1LWFhYWFhYWFhYWFhYSIsImFwcGN0eCI6IntcIm1zZXhjaHByb3RcIjpcIm93YVwiLFwicHJpbWFyeXNpZFwiOlwiUy0xLTI4MjctNDA5NjAwLTI1NTE2NzU5OTRcIixcInB1aWRcIjpcIjE3NTkyMjExNTYxMTc1OTRcIixcIm9pZFwiOlwiMDAwNjQwMDAtOTgxNy03YzVhLTAwMDAtMDAwMDAwMDAwMDAwXCIsXCJzY29wZVwiOlwiT3dhRG93bmxvYWRcIn0iLCJuYmYiOjE1Mjc1MzQ5NzcsImV4cCI6MTUyNzUzNTU3NywiaXNzIjoiMDAwMDAwMDItMDAwMC0wZmYxLWNlMDAtMDAwMDAwMDAwMDAwQDg0ZGY5ZTdmLWU5ZjYtNDBhZi1iNDM1LWFhYWFhYWFhYWFhYSIsImF1ZCI6IjAwMDAwMDAyLTAwMDAtMGZmMS1jZTAwLTAwMDAwMDAwMDAwMC9hdHRhY2htZW50Lm91dGxvb2subGl2ZS5uZXRAODRkZjllN2YtZTlmNi00MGFmLWI0MzUtYWFhYWFhYWFhYWFhIn0.aQf8Z8ZRT_KfahxJ3GhbJIcxcESceeGFPPy3fkPLmcgbnTxWJ3M6DOLw7Ly-6XMGv9q7KrlLMzPPV2rwML8Ryg0lGr-HonDk3_4rpJy-V1Hg9n0tSJs6vga8aLY1fRIjX-4YvY_1FpXCRh0xFOh8YIERx6NA3RgDUeTU4abS4AO5HclrtCy7G5wB4jqLHSj-SEh0Ofa9e-L5XdcdAOz36EsFZpRkz_y6iy0oU3eEsoFHjCzshqpsykGKeZYTCshNHrtkGdq6YAFJW9dGy_WbThMFHi0KcmVjudI3rJzZeIiAUhBLuVSWVhH85clR3FoPEQ1dReFYN01PmJImEnbx6Q&amp;owa=outlook.live.com&amp;isc=1\" width=\"401\" height=\"267\" \/><\/p>\n<ul>\n<li><strong>\u201cPugnaremos por una legislaci\u00f3n que otorgue m\u00e1s recursos para su funcionamiento\u201d, asegur\u00f3 Color<\/strong><\/li>\n<\/ul>\n<p class=\"x_MsoNormal\"><span lang=\"ES-MX\"><span style=\"font-family: arial, helvetica, sans-serif;\">A trav\u00e9s de la legislaci\u00f3n federal, se deben fortalecer las unidades de Protecci\u00f3n Civil Municipales, afirm\u00f3 el candidato del PRI, a la Diputaci\u00f3n Federal del Distrito 10, Ger\u00f3nimo Color Gasca, al reconocer que estas \u00e1reas presentan una evidente problem\u00e1tica por falta de recursos.<\/span><\/span><\/p>\n<p class=\"x_MsoNormal\"><span lang=\"ES-MX\"><span style=\"font-family: arial, helvetica, sans-serif;\">\u201cComo parte de la estrategia de seguridad, necesitamos fortalecer las unidades municipales de Protecci\u00f3n Civil y crear dos m\u00e1s: una para la zona norte y otra para la zona sur de la ciudad. Sin embargo, toda legislaci\u00f3n debe venir acompa\u00f1ada de una bolsa presupuestal suficiente, pues si no tienen personal ni recursos humanos y materiales, no les podemos exigir\u201d, afirm\u00f3 el candidato.\u00a0<\/span><\/span><\/p>\n<p class=\"x_MsoNormal\"><span lang=\"ES-MX\"><span style=\"font-family: arial, helvetica, sans-serif;\">Color Gasca record\u00f3 que, si bien los municipales tienen obligaci\u00f3n de contar con Unidades de Protecci\u00f3n Civil, no tienen una partida para eso, toda vez que una unidad muy b\u00e1sica con un m\u00ednimo de personal, tendr\u00eda un costo operativo que ronda de los 7 a los 10 millones de pesos anuales.<\/span><\/span><\/p>\n<p class=\"x_MsoNormal\"><span lang=\"ES-MX\"><span style=\"font-family: arial, helvetica, sans-serif;\">\u201cPero es un recurso con el que no cuentan los municipios y se les obliga a destinar parte de su presupuesto para la operaci\u00f3n de las unidades, lo que implica un gran problema para los ayuntamientos\u201d, a\u00f1adi\u00f3.<\/span><\/span><\/p>\n<p class=\"x_MsoNormal\"><span lang=\"ES-MX\"><span style=\"font-family: arial, helvetica, sans-serif;\">Adem\u00e1s, las ciudades m\u00e1s grandes como Morelia, Uruapan o L\u00e1zaro C\u00e1rdenas, requieren de un cuerpo de bomberos completo, cuya instalaci\u00f3n, personal y equipamiento, implica una inversi\u00f3n anual de 40 a 50 millones de pesos.<\/span><\/span><\/p>\n<p class=\"x_MsoNormal\"><span lang=\"ES-MX\"><span style=\"font-family: arial, helvetica, sans-serif;\">En ese sentido, Color Gasca tambi\u00e9n advirti\u00f3 que en el caso de Morelia, las dos unidades de Protecci\u00f3n Civil Municipales que hab\u00eda en la subida a Santa Mar\u00eda y en Ciudad Industrial se dejaron caer por la misma falta de personal y recursos, y est\u00e1n completamente inoperantes desde hace varias administraciones, por lo que adelant\u00f3 que, una vez siendo diputado, ser\u00e1 el principal gestor en aras de obtener\u00a0\u00a0los recursos necesarios para recuperarlas.<\/span><\/span><\/p>\n<p class=\"x_MsoNormal\"><span lang=\"ES-MX\"><span style=\"font-family: arial, helvetica, sans-serif;\">\u201cNo atienden el d\u00eda a d\u00eda, que es la parte que le toca al municipio, debemos recordar que la coordinaci\u00f3n estatal entra una vez que se ve rebasada la capacidad del municipio, pero en este caso se ve rebasada inmediatamente y las unidades pr\u00e1cticamente se est\u00e1n dedicando a la expedici\u00f3n de licencias y a hacer inspecciones, pero no pueden atender todo lo que implica la funci\u00f3n para la que fueron creadas, por eso debemos rescatarlas y dar a Morelia el Color de la seguridad\u201d, a\u00f1adi\u00f3.<\/span><\/span><\/p>\n<p class=\"x_MsoNormal\"><span lang=\"ES-MX\"><span style=\"font-family: arial, helvetica, sans-serif;\">Finalmente, Ger\u00f3nimo Color reiter\u00f3 que con el rescate de las unidades se respaldar\u00e1 el proyecto integral propuesto por la candidata a la alcald\u00eda, Daniela de los Santos Torres y estar\u00e1 en concordancia con el plan de seguridad trazado por el candidato presidencial, Jos\u00e9 Antonio Meade Kuribre\u00f1a, en materia de prevenci\u00f3n y seguridad p\u00fablica.<\/span><\/span><\/p>\n","protected":false},"excerpt":{"rendered":"<p>\u201cPugnaremos por una legislaci\u00f3n que otorgue m\u00e1s recursos para su funcionamiento\u201d, asegur\u00f3 Color A trav\u00e9s de la legislaci\u00f3n federal, se deben fortalecer las unidades de Protecci\u00f3n Civil Municipales, afirm\u00f3 el candidato del PRI, a la Diputaci\u00f3n Federal del Distrito 10, Ger\u00f3nimo Color Gasca, al reconocer que estas \u00e1reas presentan una evidente problem\u00e1tica por falta de [&hellip;]<\/p>\n","protected":false},"author":2,"featured_media":53605,"comment_status":"closed","ping_status":"closed","sticky":false,"template":"","format":"standard","meta":{"footnotes":""},"categories":[14,90],"tags":[],"class_list":["post-53604","post","type-post","status-publish","format-standard","has-post-thumbnail","hentry","category-destacadas","category-elecciones-2018"],"_links":{"self":[{"href":"https:\/\/radiowebmx.com\/nota\/wp-json\/wp\/v2\/posts\/53604","targetHints":{"allow":["GET"]}}],"collection":[{"href":"https:\/\/radiowebmx.com\/nota\/wp-json\/wp\/v2\/posts"}],"about":[{"href":"https:\/\/radiowebmx.com\/nota\/wp-json\/wp\/v2\/types\/post"}],"author":[{"embeddable":true,"href":"https:\/\/radiowebmx.com\/nota\/wp-json\/wp\/v2\/users\/2"}],"replies":[{"embeddable":true,"href":"https:\/\/radiowebmx.com\/nota\/wp-json\/wp\/v2\/comments?post=53604"}],"version-history":[{"count":1,"href":"https:\/\/radiowebmx.com\/nota\/wp-json\/wp\/v2\/posts\/53604\/revisions"}],"predecessor-version":[{"id":53606,"href":"https:\/\/radiowebmx.com\/nota\/wp-json\/wp\/v2\/posts\/53604\/revisions\/53606"}],"wp:featuredmedia":[{"embeddable":true,"href":"https:\/\/radiowebmx.com\/nota\/wp-json\/wp\/v2\/media\/53605"}],"wp:attachment":[{"href":"https:\/\/radiowebmx.com\/nota\/wp-json\/wp\/v2\/media?parent=53604"}],"wp:term":[{"taxonomy":"category","embeddable":true,"href":"https:\/\/radiowebmx.com\/nota\/wp-json\/wp\/v2\/categories?post=53604"},{"taxonomy":"post_tag","embeddable":true,"href":"https:\/\/radiowebmx.com\/nota\/wp-json\/wp\/v2\/tags?post=53604"}],"curies":[{"name":"wp","href":"https:\/\/api.w.org\/{rel}","templated":true}]}}