{"id":53599,"date":"2018-05-28T14:03:41","date_gmt":"2018-05-28T19:03:41","guid":{"rendered":"https:\/\/radiowebmx.com\/nota\/?p=53599"},"modified":"2018-05-28T14:03:41","modified_gmt":"2018-05-28T19:03:41","slug":"habitantes-del-parian-se-suman-a-salvador-arvizu","status":"publish","type":"post","link":"https:\/\/radiowebmx.com\/nota\/habitantes-del-parian-se-suman-a-salvador-arvizu\/","title":{"rendered":"Habitantes del Pari\u00e1n se suman a Salvador Arvizu"},"content":{"rendered":"<p><img loading=\"lazy\" decoding=\"async\" class=\"\" src=\"https:\/\/attachment.outlook.live.net\/owa\/ultrapolitica@hotmail.com\/service.svc\/s\/GetAttachmentThumbnail?id=AQMkADAwATYwMAItODMyNi00ODU0LTAwAi0wMAoARgAAA5HawHgQuq9DrqMPu%2BRLC5sHANRV7lYdW%2FpNtd2j%2BEW2swoAAAIBDAAAANRV7lYdW%2FpNtd2j%2BEW2swoAAmpM4CYAAAABEgAQAE4E4d50fUdCl0aknG9RNEU%3D&amp;thumbnailType=2&amp;X-OWA-CANARY=o85nE-ri-ESuw1vWXrnOvgBc5VrNxNUYVa5Wmbfddv8I7amPv-RtjtZyOI1x-sGMyX2ItodpS8w.&amp;token=eyJhbGciOiJSUzI1NiIsImtpZCI6IjA2MDBGOUY2NzQ2MjA3MzdFNzM0MDRFMjg3QzQ1QTgxOENCN0NFQjgiLCJ4NXQiOiJCZ0Q1OW5SaUJ6Zm5OQVRpaDhSYWdZeTN6cmciLCJ0eXAiOiJKV1QifQ.eyJ2ZXIiOiJFeGNoYW5nZS5DYWxsYmFjay5WMSIsImFwcGN0eHNlbmRlciI6Ik93YURvd25sb2FkQDg0ZGY5ZTdmLWU5ZjYtNDBhZi1iNDM1LWFhYWFhYWFhYWFhYSIsImFwcGN0eCI6IntcIm1zZXhjaHByb3RcIjpcIm93YVwiLFwicHJpbWFyeXNpZFwiOlwiUy0xLTI4MjctMzkzMjE2LTIyMDAzMjQxODBcIixcInB1aWRcIjpcIjE2ODg4NTIwNjA1ODgxMTZcIixcIm9pZFwiOlwiMDAwNjAwMDAtODMyNi00ODU0LTAwMDAtMDAwMDAwMDAwMDAwXCIsXCJzY29wZVwiOlwiT3dhRG93bmxvYWRcIn0iLCJuYmYiOjE1Mjc1MzM5MzYsImV4cCI6MTUyNzUzNDUzNiwiaXNzIjoiMDAwMDAwMDItMDAwMC0wZmYxLWNlMDAtMDAwMDAwMDAwMDAwQDg0ZGY5ZTdmLWU5ZjYtNDBhZi1iNDM1LWFhYWFhYWFhYWFhYSIsImF1ZCI6IjAwMDAwMDAyLTAwMDAtMGZmMS1jZTAwLTAwMDAwMDAwMDAwMC9hdHRhY2htZW50Lm91dGxvb2subGl2ZS5uZXRAODRkZjllN2YtZTlmNi00MGFmLWI0MzUtYWFhYWFhYWFhYWFhIn0.Q5wMoGpBhkdurGrtIj3thySrZkMa7x60bgHkkBJnYKqac3mPoXlMJUViGXoZaeYu5fgAFDePjkdGh6cHu0ejlB5zKbLJVBv_qNONz7Tr2AHJptNEkIx_V6I3wwvf3GniJJUYihqIlhm3Pay7BN4aGkSt-lT0F3Ne5YU0qhgpIDroxv_azhsk2IIIq6ujlzKA4F2HWrO_SeNnEC23NoPOPno-deipeICrdKLsu_qJgEX8SmSYNrgG1AwWhFXHNI4H_wkjqYUj2jezHtey-n-dc7gE_TYhOc_uHl3MQDr3jz0eyx5cIqvBBp70eYwhFJFoYTvr-yAdhUj2CXxbg_lpwg&amp;owa=outlook.live.com&amp;isc=1\" width=\"401\" height=\"267\" \/><\/p>\n<p>Desde hace varias semanas y hoy formalizado, habitantes de la colonia El Parian mostraron el apoyo y respaldo al candidato de Morena y PT Salvador Arvizu Cisneros para que sea \u00e9l, el que los represente desde el Congreso del estado como diputado del distrito local 16 para resolver sus problem\u00e1ticas \u00a0en materia de seguridad y servicios urbanos como la falta de luz p\u00fablica y redes de drenaje en algunas de sus calles, son las dos necesidades que destacan de los 351 colonos del lugar.<\/p>\n<p>Los habitantes del Parian destacaron las obras de pavimentaci\u00f3n de calles y redes de drenaje que Salvador Arvizu ayudo a gestionar hace unos a\u00f1os como l\u00edder social, por lo cual lo consideran como una persona de trabajo que cumple sus compromisos, preocupada por las necesidades sociales y con una amplia experiencia en la gesti\u00f3n ante distintas instancias de gobierno.<\/p>\n<p>En una asamblea vecinal con l\u00edderes del lugar y representantes de alguna de las 9 manzanas en las que se conforma el Parian, Arvizu Cisneros obtuvo el apoyo a su candidatura y destac\u00f3 que en materia legislativa, buscar\u00e1 la forma de ampliar los pol\u00edgonos de rezago social para que dicho lugar pueda acceder a otro tipo de recursos federales que al d\u00eda de hoy no ha podido obtener, ya que a pesar de las condiciones socioecon\u00f3micas de las 108 familias que viven en el lugar de acuerdo a datos del Inventario Nacional de Viviendas de INEGI, as\u00ed como las caracter\u00edsticas de abandono y deterioro en\u00a0 el 50 por ciento de las vialidades, la zona est\u00e1 considerada solo con bajo y medio grado de rezago social, lo que le impide obtener beneficios en infraestructura social desde el \u00e1mbito federal.<\/p>\n","protected":false},"excerpt":{"rendered":"<p>Desde hace varias semanas y hoy formalizado, habitantes de la colonia El Parian mostraron el apoyo y respaldo al candidato de Morena y PT Salvador Arvizu Cisneros para que sea \u00e9l, el que los represente desde el Congreso del estado como diputado del distrito local 16 para resolver sus problem\u00e1ticas \u00a0en materia de seguridad y [&hellip;]<\/p>\n","protected":false},"author":2,"featured_media":53600,"comment_status":"closed","ping_status":"closed","sticky":false,"template":"","format":"standard","meta":{"footnotes":""},"categories":[14,90],"tags":[],"class_list":["post-53599","post","type-post","status-publish","format-standard","has-post-thumbnail","hentry","category-destacadas","category-elecciones-2018"],"_links":{"self":[{"href":"https:\/\/radiowebmx.com\/nota\/wp-json\/wp\/v2\/posts\/53599","targetHints":{"allow":["GET"]}}],"collection":[{"href":"https:\/\/radiowebmx.com\/nota\/wp-json\/wp\/v2\/posts"}],"about":[{"href":"https:\/\/radiowebmx.com\/nota\/wp-json\/wp\/v2\/types\/post"}],"author":[{"embeddable":true,"href":"https:\/\/radiowebmx.com\/nota\/wp-json\/wp\/v2\/users\/2"}],"replies":[{"embeddable":true,"href":"https:\/\/radiowebmx.com\/nota\/wp-json\/wp\/v2\/comments?post=53599"}],"version-history":[{"count":1,"href":"https:\/\/radiowebmx.com\/nota\/wp-json\/wp\/v2\/posts\/53599\/revisions"}],"predecessor-version":[{"id":53601,"href":"https:\/\/radiowebmx.com\/nota\/wp-json\/wp\/v2\/posts\/53599\/revisions\/53601"}],"wp:featuredmedia":[{"embeddable":true,"href":"https:\/\/radiowebmx.com\/nota\/wp-json\/wp\/v2\/media\/53600"}],"wp:attachment":[{"href":"https:\/\/radiowebmx.com\/nota\/wp-json\/wp\/v2\/media?parent=53599"}],"wp:term":[{"taxonomy":"category","embeddable":true,"href":"https:\/\/radiowebmx.com\/nota\/wp-json\/wp\/v2\/categories?post=53599"},{"taxonomy":"post_tag","embeddable":true,"href":"https:\/\/radiowebmx.com\/nota\/wp-json\/wp\/v2\/tags?post=53599"}],"curies":[{"name":"wp","href":"https:\/\/api.w.org\/{rel}","templated":true}]}}