{"id":53596,"date":"2018-05-28T13:59:47","date_gmt":"2018-05-28T18:59:47","guid":{"rendered":"https:\/\/radiowebmx.com\/nota\/?p=53596"},"modified":"2018-05-28T13:59:47","modified_gmt":"2018-05-28T18:59:47","slug":"ensenar-buenos-habitos-alimenticios-a-los-ninos-desde-la-escuela-propone-cocoa-calderon","status":"publish","type":"post","link":"https:\/\/radiowebmx.com\/nota\/ensenar-buenos-habitos-alimenticios-a-los-ninos-desde-la-escuela-propone-cocoa-calderon\/","title":{"rendered":"Ense\u00f1ar buenos h\u00e1bitos alimenticios a los ni\u00f1os desde la escuela, propone Cocoa Calder\u00f3n"},"content":{"rendered":"<p><img loading=\"lazy\" decoding=\"async\" class=\"\" src=\"https:\/\/attachment.outlook.live.net\/owa\/ultrapolitica@hotmail.com\/service.svc\/s\/GetAttachmentThumbnail?id=AQMkADAwATYwMAItODMyNi00ODU0LTAwAi0wMAoARgAAA5HawHgQuq9DrqMPu%2BRLC5sHANRV7lYdW%2FpNtd2j%2BEW2swoAAAIBDAAAANRV7lYdW%2FpNtd2j%2BEW2swoAAmpM4CUAAAABEgAQAA1ZFNevCcJHrkBCtPzSytw%3D&amp;thumbnailType=2&amp;X-OWA-CANARY=A4NL0JJos0uopulepq0g_jDmas3MxNUYiSNMJpkLqjLfWIWZ3J0U4ElrIs0WwuiAtUj-G4C8QBg.&amp;token=eyJhbGciOiJSUzI1NiIsImtpZCI6IjA2MDBGOUY2NzQ2MjA3MzdFNzM0MDRFMjg3QzQ1QTgxOENCN0NFQjgiLCJ4NXQiOiJCZ0Q1OW5SaUJ6Zm5OQVRpaDhSYWdZeTN6cmciLCJ0eXAiOiJKV1QifQ.eyJ2ZXIiOiJFeGNoYW5nZS5DYWxsYmFjay5WMSIsImFwcGN0eHNlbmRlciI6Ik93YURvd25sb2FkQDg0ZGY5ZTdmLWU5ZjYtNDBhZi1iNDM1LWFhYWFhYWFhYWFhYSIsImFwcGN0eCI6IntcIm1zZXhjaHByb3RcIjpcIm93YVwiLFwicHJpbWFyeXNpZFwiOlwiUy0xLTI4MjctMzkzMjE2LTIyMDAzMjQxODBcIixcInB1aWRcIjpcIjE2ODg4NTIwNjA1ODgxMTZcIixcIm9pZFwiOlwiMDAwNjAwMDAtODMyNi00ODU0LTAwMDAtMDAwMDAwMDAwMDAwXCIsXCJzY29wZVwiOlwiT3dhRG93bmxvYWRcIn0iLCJuYmYiOjE1Mjc1MzM2MzYsImV4cCI6MTUyNzUzNDIzNiwiaXNzIjoiMDAwMDAwMDItMDAwMC0wZmYxLWNlMDAtMDAwMDAwMDAwMDAwQDg0ZGY5ZTdmLWU5ZjYtNDBhZi1iNDM1LWFhYWFhYWFhYWFhYSIsImF1ZCI6IjAwMDAwMDAyLTAwMDAtMGZmMS1jZTAwLTAwMDAwMDAwMDAwMC9hdHRhY2htZW50Lm91dGxvb2subGl2ZS5uZXRAODRkZjllN2YtZTlmNi00MGFmLWI0MzUtYWFhYWFhYWFhYWFhIn0.VsAveUZxHLYz9yfqSF46JKis3D2uI3Vg4Rk7PPz0ddxDlaZvJUpJhJ9WlK6oLRPiubjZlMHLY6S1dVaWP68ZKhgjGL-i0SFujCssHkfhBFLv7geGBM2tBlFnsPsxR7sQGfE_bjrHq62XHC8bfI7Eskvlz-x7bttc41CsC_nAavj88mlpT_oJnqbTWTc1uw0u4WD8JtfICOaQDrdS8g7pchq1419wdqiRkZqQogvK25Q0P9yL2b6sdTY5fbY4Im9aDNeQgiX00umqXDIAroUkKclZgfHcI8EBRNYkU_NnKKGOE6MClCKeJMmkhaBtAzzZ716eO-sIT6UNB7kTmgsaUA&amp;owa=outlook.live.com&amp;isc=1\" width=\"399\" height=\"266\" \/><\/p>\n<p>&nbsp;<\/p>\n<p class=\"x_m_571698682840472152m_275397604468077041m_8913249467001526687m_4931284026781912431gmail-msolistparagraph\"><i>Morelia, Michoac\u00e1n a 28 de mayo de 2018.-<\/i>\u00a0\u00a0La candidata independiente por el distrito federal 10 de Morelia Luisa Mar\u00eda Calder\u00f3n Hinojosa \u201cCocoa\u201d,\u00a0\u00a0dijo que uno de los temas que m\u00e1s preocupa en salud p\u00fablica es la\u00a0obesidad\u00a0infantil\u00a0y la falta de consumo de alimentos nutritivos en la poblaci\u00f3n, y en este sentido propuso que llegando al Congreso de la Uni\u00f3n presentar\u00e1 una\u00a0modificaci\u00f3n\u00a0a la Ley de educaci\u00f3n para que en las escuelas de nivel b\u00e1sico se brinde informaci\u00f3n y se ense\u00f1en h\u00e1bitos alimenticios.<\/p>\n<p class=\"x_m_571698682840472152m_275397604468077041m_8913249467001526687m_4931284026781912431gmail-msolistparagraph\">De acuerdo al informe Panorama de la Salud 2017 que realiz\u00f3 la Organizaci\u00f3n para la Cooperaci\u00f3n y el Desarrollo Econ\u00f3micos (OCDE), nuestro pa\u00eds se encuentra en el primer lugar de 34 pa\u00edses al tener el \u00edndice m\u00e1s alto de sobrepeso y obesidad, esto en la poblaci\u00f3n de mayores de 15 a\u00f1os. Esta cifra es alarmante, pues los h\u00e1bitos de consumo en adultos no son distintos a los h\u00e1bitos de consumo de los menores de edad. De acuerdo a la Secretar\u00eda de Salud en el estado, al rededor de 3 millones 45 mil 726 michoacanos padecen obesidad y sobrepeso, y 3 de cada 10 ni\u00f1os padecen sobrepeso, una cifra muy alarmante para el estado.<\/p>\n<p class=\"x_m_571698682840472152m_275397604468077041m_8913249467001526687m_4931284026781912431gmail-msolistparagraph\">La tambi\u00e9n Coordinadora del Frente Parlamentario contra el Hambre (FPHAyC) manifest\u00f3 que a pesar de los m\u00faltiples esfuerzos por\u00a0revertir\u00a0las cifras, dichas acciones tendr\u00eda que ir acompa\u00f1adas de una propuesta legislativa que vaya m\u00e1s all\u00e1 de la prohibici\u00f3n de productos que contribuyan a la obesidad infantil en los centros escolares.<\/p>\n<p class=\"x_m_571698682840472152m_275397604468077041m_8913249467001526687m_4931284026781912431gmail-msolistparagraph\">De esta manera expres\u00f3 \u201cPor cada escuela que hay en Morelia, afuera hay\u00a0alguien\u00a0que vende chicharrines, dulces, refrescos y distintas golosinas que no son nutritivas ni contribuyen a tener una sana alimentaci\u00f3n en los ni\u00f1os y ni\u00f1as; lo que yo propongo es hacer una modificaci\u00f3n a la Ley de Educaci\u00f3n para que dentro del sistema educativo, se brinde m\u00e1s informaci\u00f3n y se ense\u00f1e a los peque\u00f1os h\u00e1bitos alimenticios, y ellos al salir de la escuela valoren qu\u00e9 les\u00a0alimenta\u00a0y que no, y que quien venda afuera de las escuelas tambi\u00e9n tenga la opci\u00f3n de ofrecer en lugar de chicharrines, alguna fruta de la temporada, que quiz\u00e1s sea producida por un peque\u00f1o productor, y de esa forma enlazar y vincularlos en lo local\u201d.<\/p>\n<p class=\"x_m_571698682840472152m_275397604468077041m_8913249467001526687m_4931284026781912431gmail-msolistparagraph\">As\u00ed mismo Calder\u00f3n Hinojosa consider\u00f3 que si en las escuelas se ense\u00f1an los buenos h\u00e1bitos de consumo de alimentos, se tendr\u00eda ni\u00f1os sanos y fuertes \u201c hay chiquitos que llegan a la escuela cansados y con sue\u00f1o, y\u00a0\u00a0a veces es porque comen cosas que no les nutren, no es lo mismo comer para llenarse que comer sano, y yo quiero trabajar como Diputada Federal para ocuparme de que los ni\u00f1os tengan en su mesa productos sanos y de buena calidad\u201d finaliz\u00f3.<\/p>\n","protected":false},"excerpt":{"rendered":"<p>&nbsp; Morelia, Michoac\u00e1n a 28 de mayo de 2018.-\u00a0\u00a0La candidata independiente por el distrito federal 10 de Morelia Luisa Mar\u00eda Calder\u00f3n Hinojosa \u201cCocoa\u201d,\u00a0\u00a0dijo que uno de los temas que m\u00e1s preocupa en salud p\u00fablica es la\u00a0obesidad\u00a0infantil\u00a0y la falta de consumo de alimentos nutritivos en la poblaci\u00f3n, y en este sentido propuso que llegando al Congreso [&hellip;]<\/p>\n","protected":false},"author":2,"featured_media":53597,"comment_status":"closed","ping_status":"closed","sticky":false,"template":"","format":"standard","meta":{"footnotes":""},"categories":[14,90],"tags":[],"class_list":["post-53596","post","type-post","status-publish","format-standard","has-post-thumbnail","hentry","category-destacadas","category-elecciones-2018"],"_links":{"self":[{"href":"https:\/\/radiowebmx.com\/nota\/wp-json\/wp\/v2\/posts\/53596","targetHints":{"allow":["GET"]}}],"collection":[{"href":"https:\/\/radiowebmx.com\/nota\/wp-json\/wp\/v2\/posts"}],"about":[{"href":"https:\/\/radiowebmx.com\/nota\/wp-json\/wp\/v2\/types\/post"}],"author":[{"embeddable":true,"href":"https:\/\/radiowebmx.com\/nota\/wp-json\/wp\/v2\/users\/2"}],"replies":[{"embeddable":true,"href":"https:\/\/radiowebmx.com\/nota\/wp-json\/wp\/v2\/comments?post=53596"}],"version-history":[{"count":1,"href":"https:\/\/radiowebmx.com\/nota\/wp-json\/wp\/v2\/posts\/53596\/revisions"}],"predecessor-version":[{"id":53598,"href":"https:\/\/radiowebmx.com\/nota\/wp-json\/wp\/v2\/posts\/53596\/revisions\/53598"}],"wp:featuredmedia":[{"embeddable":true,"href":"https:\/\/radiowebmx.com\/nota\/wp-json\/wp\/v2\/media\/53597"}],"wp:attachment":[{"href":"https:\/\/radiowebmx.com\/nota\/wp-json\/wp\/v2\/media?parent=53596"}],"wp:term":[{"taxonomy":"category","embeddable":true,"href":"https:\/\/radiowebmx.com\/nota\/wp-json\/wp\/v2\/categories?post=53596"},{"taxonomy":"post_tag","embeddable":true,"href":"https:\/\/radiowebmx.com\/nota\/wp-json\/wp\/v2\/tags?post=53596"}],"curies":[{"name":"wp","href":"https:\/\/api.w.org\/{rel}","templated":true}]}}