{"id":53590,"date":"2018-05-27T14:37:29","date_gmt":"2018-05-27T19:37:29","guid":{"rendered":"https:\/\/radiowebmx.com\/nota\/?p=53590"},"modified":"2018-05-28T11:20:56","modified_gmt":"2018-05-28T16:20:56","slug":"enrique-zepeda-espera-que-6to-parlamento-juvenil-supere-registro-de-aspirantes","status":"publish","type":"post","link":"https:\/\/radiowebmx.com\/nota\/enrique-zepeda-espera-que-6to-parlamento-juvenil-supere-registro-de-aspirantes\/","title":{"rendered":"Enrique Zepeda espera que 6to. Parlamento Juvenil supere registro de aspirantes"},"content":{"rendered":"<p class=\"x_MsoNormal\"><b>Morelia; Michoac\u00e1n, 27 de mayo de 2018<\/b>.- El diputado Enrique Zepeda Ontiveros, presidente del Comit\u00e9 Organizador del Sexto Parlamento Juvenil de Michoac\u00e1n hace una atenta invitaci\u00f3n a los j\u00f3venes de entre 18 y 29 a\u00f1os a participar en la edici\u00f3n 2018 de dicho ejercicio, del cual dijo el legislador, esperan superar el n\u00famero de registros que en los anteriores Parlamentos, tal como ha ocurrido en el hist\u00f3rico del mismo.<\/p>\n<p class=\"x_MsoNormal\">En este sentido, el parlamentario record\u00f3 que en el 2017 fueron 175 los j\u00f3venes que realizaron su registro, de los cuales 120 presentaron iniciativas y 55 proyectos sociales; en a\u00f1o anterior, en el 2016 el Cuarto Parlamento tuvo 169 j\u00f3venes registrados, siendo elegidos 24 por iniciativa y 16 por proyecto social, siendo este el primer parlamento que introdujo como categor\u00eda de selecci\u00f3n la presentaci\u00f3n de proyecto social.<\/p>\n<p class=\"x_MsoNormal\">Zepeda Ontiveros, celebr\u00f3 el acierto de cambiar la categor\u00eda denominada \u201cPor Propuesta\u201d la cual consist\u00eda, en que el joven registrado deb\u00eda ser propuesto por alguna instituci\u00f3n, dependencia o empresa, por haber destacado con su trabajo y ejemplo en el \u00e1mbito social, deportivo, el respeto de los derechos humanos, medio ambiente, salud, educaci\u00f3n, ciencia y tecnolog\u00eda; sin embargo, \u201cal convertirse en la categor\u00eda de proyecto social, se puede observar m\u00e1s claramente las necesidades, intereses y preocupaciones de los j\u00f3venes, as\u00ed como darles impulso y continuidad a los proyectos\u201d, expres\u00f3.<\/p>\n<p class=\"x_MsoNormal\">Durante la emisi\u00f3n 2015, fueron 120 los j\u00f3venes que atendieron a la convocatoria, en donde destac\u00f3 la participaci\u00f3n de los j\u00f3venes provenientes de municipios como Morelia, Angamacutiro, Contepec, Apatzing\u00e1n, Cher\u00e1n, Ziracuaretiro y Ciudad Hidalgo.<\/p>\n<p class=\"x_MsoNormal\">El Segundo Parlamento Juvenil, hist\u00f3ricamente ha sido el de mayor participaci\u00f3n registr\u00f3, al alcanzar la inscripci\u00f3n de 231 aspirantes a participar en el Parlamento 2014, una meta a la cual podemos aspirar a superar, refiri\u00f3 el presidente del Comit\u00e9 Organizador del Parlamento Juvenil Michoac\u00e1n 2018.<\/p>\n<p class=\"x_MsoNormal\">Zepeda Ontiveros, manifest\u00f3 que el Primer Parlamento que realiz\u00f3 el Congreso del Michoac\u00e1n fue en el 2013, en el cual se registraron 126 j\u00f3venes michoacanos, 95 por iniciativa y 31 registrados por propuestas, en total 82 hombres y 44 mujeres, situaci\u00f3n que a decir del legislador, ha ido cambiando y poco a poco se ha hecho presente la igualdad de g\u00e9nero.<\/p>\n<p class=\"x_MsoNormal\">Finalmente, el diputado destac\u00f3 que el Parlamento Juvenil 2018 se llevar\u00e1 a cabo los d\u00edas 30 y 31 de agosto, y ya se encuentra abierto el periodo de registro y es hasta el 5 de julio cuando este concluya, por lo que hizo un llamado a los j\u00f3venes a ser parte de este ejercicio de participaci\u00f3n ciudadana, e inscribirse en el Instituto de Investigaciones y Estudios Legislativos del Congreso del Estado, ubicada en Av. Morelos Norte, No. 82, esquina con Aquiles Serd\u00e1n, en el Centro Hist\u00f3rico de Morelia, de lunes a viernes de 9:00 a 15:00 horas, o a trav\u00e9s del correo electr\u00f3nico\u00a0<a href=\"mailto:parlamentojuvenil6@gmail.com\" target=\"_blank\" rel=\"noopener noreferrer\">parlamentojuvenil6@gmail.com<\/a>.<\/p>\n","protected":false},"excerpt":{"rendered":"<p>Morelia; Michoac\u00e1n, 27 de mayo de 2018.- El diputado Enrique Zepeda Ontiveros, presidente del Comit\u00e9 Organizador del Sexto Parlamento Juvenil de Michoac\u00e1n hace una atenta invitaci\u00f3n a los j\u00f3venes de entre 18 y 29 a\u00f1os a participar en la edici\u00f3n 2018 de dicho ejercicio, del cual dijo el legislador, esperan superar el n\u00famero de registros [&hellip;]<\/p>\n","protected":false},"author":2,"featured_media":53591,"comment_status":"closed","ping_status":"closed","sticky":false,"template":"","format":"standard","meta":{"footnotes":""},"categories":[6,14],"tags":[],"class_list":["post-53590","post","type-post","status-publish","format-standard","has-post-thumbnail","hentry","category-congreso-del-estado","category-destacadas"],"_links":{"self":[{"href":"https:\/\/radiowebmx.com\/nota\/wp-json\/wp\/v2\/posts\/53590","targetHints":{"allow":["GET"]}}],"collection":[{"href":"https:\/\/radiowebmx.com\/nota\/wp-json\/wp\/v2\/posts"}],"about":[{"href":"https:\/\/radiowebmx.com\/nota\/wp-json\/wp\/v2\/types\/post"}],"author":[{"embeddable":true,"href":"https:\/\/radiowebmx.com\/nota\/wp-json\/wp\/v2\/users\/2"}],"replies":[{"embeddable":true,"href":"https:\/\/radiowebmx.com\/nota\/wp-json\/wp\/v2\/comments?post=53590"}],"version-history":[{"count":1,"href":"https:\/\/radiowebmx.com\/nota\/wp-json\/wp\/v2\/posts\/53590\/revisions"}],"predecessor-version":[{"id":53592,"href":"https:\/\/radiowebmx.com\/nota\/wp-json\/wp\/v2\/posts\/53590\/revisions\/53592"}],"wp:featuredmedia":[{"embeddable":true,"href":"https:\/\/radiowebmx.com\/nota\/wp-json\/wp\/v2\/media\/53591"}],"wp:attachment":[{"href":"https:\/\/radiowebmx.com\/nota\/wp-json\/wp\/v2\/media?parent=53590"}],"wp:term":[{"taxonomy":"category","embeddable":true,"href":"https:\/\/radiowebmx.com\/nota\/wp-json\/wp\/v2\/categories?post=53590"},{"taxonomy":"post_tag","embeddable":true,"href":"https:\/\/radiowebmx.com\/nota\/wp-json\/wp\/v2\/tags?post=53590"}],"curies":[{"name":"wp","href":"https:\/\/api.w.org\/{rel}","templated":true}]}}