{"id":53583,"date":"2018-05-27T16:47:43","date_gmt":"2018-05-27T21:47:43","guid":{"rendered":"https:\/\/radiowebmx.com\/nota\/?p=53583"},"modified":"2018-05-28T11:15:03","modified_gmt":"2018-05-28T16:15:03","slug":"malos-tratos-y-un-trabajo-ineficiente-de-la-actual-administracion-municipal-vecinos-de-jardines-de-santiaguito","status":"publish","type":"post","link":"https:\/\/radiowebmx.com\/nota\/malos-tratos-y-un-trabajo-ineficiente-de-la-actual-administracion-municipal-vecinos-de-jardines-de-santiaguito\/","title":{"rendered":"Malos tratos y un trabajo ineficiente de la actual administraci\u00f3n municipal: vecinos de Jardines de Santiaguito"},"content":{"rendered":"<p><img loading=\"lazy\" decoding=\"async\" class=\"\" src=\"https:\/\/attachment.outlook.live.net\/owa\/ultrapolitica@hotmail.com\/service.svc\/s\/GetAttachmentThumbnail?id=AQMkADAwATYwMAItODMyNi00ODU0LTAwAi0wMAoARgAAA5HawHgQuq9DrqMPu%2BRLC5sHANRV7lYdW%2FpNtd2j%2BEW2swoAAAIBDAAAANRV7lYdW%2FpNtd2j%2BEW2swoAAmpM4BYAAAABEgAQAI6trEPboPJDt1pXXXxAoac%3D&amp;thumbnailType=2&amp;X-OWA-CANARY=uJV6FxhcNUi4hr-EdR1VOWBvKuC1xNUYrBsoZlRXrcR_mXxQr2NsSvEmTEjapU7dhGgil4MU-w0.&amp;token=eyJhbGciOiJSUzI1NiIsImtpZCI6IjA2MDBGOUY2NzQ2MjA3MzdFNzM0MDRFMjg3QzQ1QTgxOENCN0NFQjgiLCJ4NXQiOiJCZ0Q1OW5SaUJ6Zm5OQVRpaDhSYWdZeTN6cmciLCJ0eXAiOiJKV1QifQ.eyJ2ZXIiOiJFeGNoYW5nZS5DYWxsYmFjay5WMSIsImFwcGN0eHNlbmRlciI6Ik93YURvd25sb2FkQDg0ZGY5ZTdmLWU5ZjYtNDBhZi1iNDM1LWFhYWFhYWFhYWFhYSIsImFwcGN0eCI6IntcIm1zZXhjaHByb3RcIjpcIm93YVwiLFwicHJpbWFyeXNpZFwiOlwiUy0xLTI4MjctMzkzMjE2LTIyMDAzMjQxODBcIixcInB1aWRcIjpcIjE2ODg4NTIwNjA1ODgxMTZcIixcIm9pZFwiOlwiMDAwNjAwMDAtODMyNi00ODU0LTAwMDAtMDAwMDAwMDAwMDAwXCIsXCJzY29wZVwiOlwiT3dhRG93bmxvYWRcIn0iLCJuYmYiOjE1Mjc1MjM3MzUsImV4cCI6MTUyNzUyNDMzNSwiaXNzIjoiMDAwMDAwMDItMDAwMC0wZmYxLWNlMDAtMDAwMDAwMDAwMDAwQDg0ZGY5ZTdmLWU5ZjYtNDBhZi1iNDM1LWFhYWFhYWFhYWFhYSIsImF1ZCI6IjAwMDAwMDAyLTAwMDAtMGZmMS1jZTAwLTAwMDAwMDAwMDAwMC9hdHRhY2htZW50Lm91dGxvb2subGl2ZS5uZXRAODRkZjllN2YtZTlmNi00MGFmLWI0MzUtYWFhYWFhYWFhYWFhIn0.Ci-WABWGfLtxuuzahmk3t3xsPgtnTq85TX3cFnzTlTjHCqlr6Gk0vkYB8o2WzPa_BK911UhouALA_53025QrJQcbzGZgxuamJ4lrjx6HpI-gNh6P8ZtgOywbrbrP85mioze16StEWo6gxN0_J4fPBsEVucCAPAd8PSXkH6kf5GJOYX1-nViGyhTk0YctK4p7UmIgLywmPbpm76waDq3GCyJiKwN_jnUFxIPWi4yn4OL_JLXpKIS6ikekMtdlzU_6bTiuznuBrpeitkrM3tnBcChCHeCfX1lXSNPn0fzUiKxJF1JlBBlbQFlLb4Qninmd5TWCcuC5Jb2C8CAWkfZNhA&amp;owa=outlook.live.com&amp;isc=1\" width=\"399\" height=\"266\" \/><\/p>\n<p>&nbsp;<\/p>\n<ul>\n<li><strong>Una vez en el Congreso del estado Impulsaremos y votaremos iniciativas a favor de los morelianos: FVM<\/strong><\/li>\n<\/ul>\n<p><em>\u00a0<\/em><\/p>\n<p><em>\u00a0<\/em><\/p>\n<p><strong>Morelia, Michoac\u00e1n, a 27 de mayo de 2018.-<\/strong> Habitantes de Jardines de Santiaguito se quejaron ante el candidato a Diputado Local por el Distrito X del Partido Encuentro Social (PES), Fausto Vallejo Mora, de los malos tratos que recibieron por parte de la actual administraci\u00f3n independiente.<\/p>\n<p>En su visita por esta zona de la ciudad y ante la presencia de su compa\u00f1ero de f\u00f3rmula, Nadim L\u00f3pez, los colonos externaron al candidato del PES, su descontento con el presidente municipal con licencia Alfonso Mart\u00ednez Alc\u00e1zar, &#8220;quien en varias ocasiones nos ignor\u00f3 cuando fuimos a decirle que nos hac\u00eda falta&#8221;.<\/p>\n<p>Aseguraron que su administraci\u00f3n y \u00e9l no han hecho nada por Morelia, &#8220;s\u00f3lo vino, prometi\u00f3 y jam\u00e1s regres\u00f3, y cuando nosotros fuimos hizo como que nos atendi\u00f3, pero s\u00f3lo ignor\u00f3 nuestras demandas, porque seguimos con las mismas carencias, la gente que lo rodea y \u00e9l son gente sin palabra, gente que no cumple&#8221;.<\/p>\n<p>Despu\u00e9s de escuchar que son la falta de agua, drenaje, calles, alumbrado p\u00fablico, entre otras cosas, las necesidades m\u00e1s apremiantes, Vallejo Mora indic\u00f3 que una de sus funciones una vez que llegue al Congreso del Estado, ser\u00e1 votar a favor de iniciativas con las que se eleve la calidad de vida de los morelianos.<\/p>\n<p>&#8220;Ser\u00e9 un gestor ante los distintos \u00f3rdenes de gobierno, mi compromiso es y ser\u00e1 con ustedes; yo vengo aqu\u00ed hacer compromisos serios y a decirles que ser\u00e9 un candidato y legislador de calle; mantendr\u00e9 un contacto directo con la ciudadan\u00eda, voy hacer valer su voz en el Congreso&#8221;, concluy\u00f3.<\/p>\n","protected":false},"excerpt":{"rendered":"<p>&nbsp; Una vez en el Congreso del estado Impulsaremos y votaremos iniciativas a favor de los morelianos: FVM \u00a0 \u00a0 Morelia, Michoac\u00e1n, a 27 de mayo de 2018.- Habitantes de Jardines de Santiaguito se quejaron ante el candidato a Diputado Local por el Distrito X del Partido Encuentro Social (PES), Fausto Vallejo Mora, de los [&hellip;]<\/p>\n","protected":false},"author":2,"featured_media":53584,"comment_status":"closed","ping_status":"closed","sticky":false,"template":"","format":"standard","meta":{"footnotes":""},"categories":[14,90],"tags":[],"class_list":["post-53583","post","type-post","status-publish","format-standard","has-post-thumbnail","hentry","category-destacadas","category-elecciones-2018"],"_links":{"self":[{"href":"https:\/\/radiowebmx.com\/nota\/wp-json\/wp\/v2\/posts\/53583","targetHints":{"allow":["GET"]}}],"collection":[{"href":"https:\/\/radiowebmx.com\/nota\/wp-json\/wp\/v2\/posts"}],"about":[{"href":"https:\/\/radiowebmx.com\/nota\/wp-json\/wp\/v2\/types\/post"}],"author":[{"embeddable":true,"href":"https:\/\/radiowebmx.com\/nota\/wp-json\/wp\/v2\/users\/2"}],"replies":[{"embeddable":true,"href":"https:\/\/radiowebmx.com\/nota\/wp-json\/wp\/v2\/comments?post=53583"}],"version-history":[{"count":1,"href":"https:\/\/radiowebmx.com\/nota\/wp-json\/wp\/v2\/posts\/53583\/revisions"}],"predecessor-version":[{"id":53585,"href":"https:\/\/radiowebmx.com\/nota\/wp-json\/wp\/v2\/posts\/53583\/revisions\/53585"}],"wp:featuredmedia":[{"embeddable":true,"href":"https:\/\/radiowebmx.com\/nota\/wp-json\/wp\/v2\/media\/53584"}],"wp:attachment":[{"href":"https:\/\/radiowebmx.com\/nota\/wp-json\/wp\/v2\/media?parent=53583"}],"wp:term":[{"taxonomy":"category","embeddable":true,"href":"https:\/\/radiowebmx.com\/nota\/wp-json\/wp\/v2\/categories?post=53583"},{"taxonomy":"post_tag","embeddable":true,"href":"https:\/\/radiowebmx.com\/nota\/wp-json\/wp\/v2\/tags?post=53583"}],"curies":[{"name":"wp","href":"https:\/\/api.w.org\/{rel}","templated":true}]}}