{"id":5358,"date":"2014-02-05T09:40:51","date_gmt":"2014-02-05T15:40:51","guid":{"rendered":"https:\/\/radiowebmx.com\/nota\/?p=5358"},"modified":"2014-03-05T10:50:07","modified_gmt":"2014-03-05T16:50:07","slug":"entrega-secretario-de-educacion-becas-a-madres-jovenes-y-jovenes-embarazadas-para-que-sigan-estudiando","status":"publish","type":"post","link":"https:\/\/radiowebmx.com\/nota\/entrega-secretario-de-educacion-becas-a-madres-jovenes-y-jovenes-embarazadas-para-que-sigan-estudiando\/","title":{"rendered":"ENTREGA SECRETARIO DE EDUCACI\u00d3N BECAS A MADRES J\u00d3VENES Y J\u00d3VENES EMBARAZADAS PARA QUE SIGAN ESTUDIANDO"},"content":{"rendered":"<p><a href=\"https:\/\/radiowebmx.com\/nota\/wp-content\/uploads\/2014\/02\/4Q4A9582.jpg\"><img loading=\"lazy\" decoding=\"async\" class=\"alignleft size-full wp-image-5359\" alt=\"4Q4A9582\" src=\"https:\/\/radiowebmx.com\/nota\/wp-content\/uploads\/2014\/02\/4Q4A9582.jpg\" width=\"591\" height=\"318\" \/><\/a>Este mi\u00e9rcoles el secretario de Educaci\u00f3n en Michoac\u00e1n, J. Jes\u00fas Sierra Arias, entreg\u00f3 est\u00edmulos a 128 mujeres de seis municipios dentro del Programa de Becas de Educaci\u00f3n B\u00e1sica de Madres J\u00f3venes y J\u00f3venes Embarazadas (Promajoven), que anualmente destina m\u00e1s de 7 millones de pesos para que este sector de la poblaci\u00f3n pueda concluir sus estudios de Primaria y Secundaria.<\/p>\n<p>Fue en el Auditorio de la Escuela Normal Urbana Federal \u201cJes\u00fas Romero Flores\u201d, donde el encargado de la pol\u00edtica educativa en la entidad, habl\u00f3 ante las beneficiarias a quienes exhort\u00f3 a continuar su educaci\u00f3n porque solo de esta forma podr\u00e1n alcanzar el pleno desarrollo personal, adem\u00e1s del profesional.<\/p>\n<p>Ante la presencia del director general de Desarrollo e Investigaci\u00f3n Educativa, Manuel Salvador Saavedra Regalado, as\u00ed como de la coordinadora del Consejo Estatal de Poblaci\u00f3n, Clara Ochoa Vald\u00e9s, el secretario de Educaci\u00f3n destac\u00f3 que este programa es de suma importancia para el gobierno que encabeza Fausto Vallejo Figueroa, porque refleja la pol\u00edtica social que coadyuva en dos aspectos fundamentales para el desarrollo de una sociedad que se dice democr\u00e1tica y con respeto a los Derechos Humanos: la no discriminaci\u00f3n y el respeto al g\u00e9nero.<\/p>\n<p>Sierra Arias apunt\u00f3 que art\u00edculo 1\u00ba de la Constituci\u00f3n Pol\u00edtica de los Estados Unidos Mexicanos, se\u00f1ala que es obligaci\u00f3n de todas las autoridades respetar los Derechos Humanos y esto tambi\u00e9n significa hacer que las personas puedan ejercer a plenitud sus garant\u00edas.<\/p>\n<p>\u201cEse es un tema verdaderamente trascendente, pero cada vez que una persona no puede ejercer un derecho, estamos viviendo y permitiendo un tipo de exclusi\u00f3n social\u201d; por lo anterior, el titular de la SEE destac\u00f3 que la entrega de recursos econ\u00f3micos representa influir de manera directa en el desarrollo de las personas y en ese sentido enfatiz\u00f3 que el proceso educativo es realmente el \u00fanico que \u201cnos puede generar libertad absoluta, porque nos ense\u00f1a a discernir mejor las diferentes situaciones de la vida\u201d.<\/p>\n<p>\u201cTener un hijo en cualquier momento es una alegr\u00eda, pero tambi\u00e9n representa una responsabilidad, por ello el inter\u00e9s del gobierno en lograr que este sector poblacional reconocido como vulnerable, obtenga un mejor futuro\u201d, dijo.<\/p>\n<p>Durante la entrega, la directora de Programas Compensatorios, Graciela Moreno Soto, acompa\u00f1ada del jefe de Departamento de Becas, H\u00e9ctor P\u00e9rez S\u00e1nchez, expuso que durante la \u00faltima semana del mes de enero, se entregaron recursos al interior del estado a las mil 347 j\u00f3venes menores de 19 a\u00f1os que son atendidas.<\/p>\n<p>As\u00ed, en 2013, el universo de j\u00f3venes beneficiarias en esta situaci\u00f3n en el estado, fue de mil 347, de las cuales 307 recibieron su certificado de secundaria, 131 se dieron de baja y el resto permanecen activas.<\/p>\n<p>El Comit\u00e9 Estatal de PROMAJOVEN lo encabeza la Secretar\u00eda de Educaci\u00f3n en Michoac\u00e1n, seguido de la Secretar\u00eda de Salud, de la Mujer, de los J\u00f3venes, el DIF estatal,\u00a0 Coespo y la delegaci\u00f3n en Michoac\u00e1n de la SEP.<\/p>\n<p>PROMAJOVEN es un programa que promueve la equidad de g\u00e9nero y la no discriminaci\u00f3n para las adolescentes que enfrentan la maternidad a edades tempranas, creando o ampliando sus oportunidades de acceso y permanencia en la educaci\u00f3n B\u00e1sica, en el sistema abierto o escolarizado.<\/p>\n<p>Su objetivo es apoyar durante 10 meses del a\u00f1o con una beca de estudios -850 pesos mensuales- a las madres j\u00f3venes y j\u00f3venes embarazadas menores de 19 a\u00f1os, sin importar su estado civil, para que inicien, contin\u00faen y concluyan su Educaci\u00f3n B\u00e1sica.<\/p>\n<p>Durante el a\u00f1o 2013, se\u00a0 increment\u00f3\u00a0 significativamente tanto la atenci\u00f3n en\u00a0 el n\u00famero de becarias del PROMAJOVEN como de quienes concluyeron su alfabetizaci\u00f3n y\/o educaci\u00f3n Primaria y Secundaria.<\/p>\n<p>Las instituciones que conforman el Comit\u00e9 Estatal del PROMAJOVEN,\u00a0 apoyaron el\u00a0 fortalecimiento de la formaci\u00f3n integral de las madres j\u00f3venes y j\u00f3venes embarazadas del PROMAJOVEN,\u00a0 desarrollando durante el a\u00f1o actividades como:<\/p>\n<ul>\n<li>Promoci\u00f3n y difusi\u00f3n de la Convocatoria del\u00a0 PROMAJOVEN en el interior del estado a\u00a0 trav\u00e9s de sus instancias y\/o enlaces municipales.<\/li>\n<li>Promoci\u00f3n y atenci\u00f3n por las becarias del PROMAJOVEN de la convocatoria del Concurso Nacional \u00a1Incl\u00fayete en la Prevenci\u00f3n! convocado por la Secretar\u00eda de Salud y el Instituto Nacional de las Mujeres.<\/li>\n<li>Michoac\u00e1n se encuentra con trabajos seleccionados;\u00a0 a\u00fan no se nos informa sobre los lugares premiados.<\/li>\n<li>Coordinaci\u00f3n entre SEDESOL y Secretaria de Educaci\u00f3n para la presentaci\u00f3n del programa Seguro de Vida para Jefas de Familia e incorporaci\u00f3n de becarias del PROMAJOVEN.<\/li>\n<li>Coordinaci\u00f3n entre el\u00a0 DIF y el\u00a0 Comit\u00e9 Estatal del PROMAJOVEN\u00a0 para el desarrollo de un taller sobre la elaboraci\u00f3n de pi\u00f1atas, en que se proporcion\u00f3 material de manera gratuita.<\/li>\n<\/ul>\n","protected":false},"excerpt":{"rendered":"<p>Este mi\u00e9rcoles el secretario de Educaci\u00f3n en Michoac\u00e1n, J. Jes\u00fas Sierra Arias, entreg\u00f3 est\u00edmulos a 128 mujeres de seis municipios dentro del Programa de Becas de Educaci\u00f3n B\u00e1sica de Madres J\u00f3venes y J\u00f3venes Embarazadas (Promajoven), <\/p>\n","protected":false},"author":1,"featured_media":0,"comment_status":"open","ping_status":"open","sticky":false,"template":"","format":"standard","meta":{"footnotes":""},"categories":[14,3],"tags":[],"class_list":["post-5358","post","type-post","status-publish","format-standard","hentry","category-destacadas","category-gobierno-del-estado-de-michoacan"],"_links":{"self":[{"href":"https:\/\/radiowebmx.com\/nota\/wp-json\/wp\/v2\/posts\/5358","targetHints":{"allow":["GET"]}}],"collection":[{"href":"https:\/\/radiowebmx.com\/nota\/wp-json\/wp\/v2\/posts"}],"about":[{"href":"https:\/\/radiowebmx.com\/nota\/wp-json\/wp\/v2\/types\/post"}],"author":[{"embeddable":true,"href":"https:\/\/radiowebmx.com\/nota\/wp-json\/wp\/v2\/users\/1"}],"replies":[{"embeddable":true,"href":"https:\/\/radiowebmx.com\/nota\/wp-json\/wp\/v2\/comments?post=5358"}],"version-history":[{"count":3,"href":"https:\/\/radiowebmx.com\/nota\/wp-json\/wp\/v2\/posts\/5358\/revisions"}],"predecessor-version":[{"id":5361,"href":"https:\/\/radiowebmx.com\/nota\/wp-json\/wp\/v2\/posts\/5358\/revisions\/5361"}],"wp:attachment":[{"href":"https:\/\/radiowebmx.com\/nota\/wp-json\/wp\/v2\/media?parent=5358"}],"wp:term":[{"taxonomy":"category","embeddable":true,"href":"https:\/\/radiowebmx.com\/nota\/wp-json\/wp\/v2\/categories?post=5358"},{"taxonomy":"post_tag","embeddable":true,"href":"https:\/\/radiowebmx.com\/nota\/wp-json\/wp\/v2\/tags?post=5358"}],"curies":[{"name":"wp","href":"https:\/\/api.w.org\/{rel}","templated":true}]}}