{"id":53576,"date":"2018-05-26T17:57:02","date_gmt":"2018-05-26T22:57:02","guid":{"rendered":"https:\/\/radiowebmx.com\/nota\/?p=53576"},"modified":"2018-05-28T10:59:15","modified_gmt":"2018-05-28T15:59:15","slug":"recibe-comunidad-de-la-tepuza-el-primer-centro-de-salud-en-su-historia","status":"publish","type":"post","link":"https:\/\/radiowebmx.com\/nota\/recibe-comunidad-de-la-tepuza-el-primer-centro-de-salud-en-su-historia\/","title":{"rendered":"Recibe comunidad de La Tepuza el primer Centro de Salud en su historia"},"content":{"rendered":"<p><img loading=\"lazy\" decoding=\"async\" class=\"\" src=\"http:\/\/michoacan.gob.mx\/wp-content\/uploads\/2018\/05\/e807cb2e-ea97-4e0f-88e1-57dd33b46b87.jpeg\" width=\"399\" height=\"266\" \/><\/p>\n<ul>\n<li><strong>Supervisa el Gobernador Constitucional Silvano Aureoles la operatividad de este Centro, que beneficiar\u00e1 a las y los habitantes de la comunidad y el municipio de Numar\u00e1n.<\/strong><\/li>\n<li><strong>La obra hab\u00eda quedado en el abandono desde 2010.<\/strong><\/li>\n<\/ul>\n<p><strong>La Tepuza, mpio. de Numar\u00e1n, Michoac\u00e1n, a 26 de mayo de 2018.-<\/strong>\u00a0Desde su origen, la comunidad de La Tepuza en el municipio de Numar\u00e1n, no contaba con un espacio que brindara atenci\u00f3n m\u00e9dica a su poblaci\u00f3n, motivo por el que ten\u00edan que trasladarse hasta La Piedad para atenderse, incluso en emergencias; hoy, eso ha cambiado.<\/p>\n<p>A partir de este s\u00e1bado, las y los habitantes, despu\u00e9s de varias d\u00e9cadas, cuentan con un Centro de Salud bien equipado y en \u00f3ptimas condiciones, que brindar\u00e1 todos los servicios requeridos.<\/p>\n<p>\u201cNunca hab\u00edamos tenido acceso de manera directa a los servicios de salud aqu\u00ed, nos tocaba trasladarnos a Numar\u00e1n o hasta La Piedad y en emergencias nos tocaba alquilar una unidad para el traslado. Este Centro hoy es lo m\u00e1ximo, un cambio radical a lo que ten\u00edamos anteriormente\u201d, expres\u00f3 el beneficiario Mart\u00edn Reyes.<\/p>\n<p>Al supervisar esta tarde la operaci\u00f3n de este Centro, el Gobernador Constitucional Silvano Aureoles Conejo destac\u00f3 que su administraci\u00f3n ha priorizado brindar los servicios de salud adecuados en toda la entidad, llev\u00e1ndolos a cada uno de las comunidades m\u00e1s lejanas y que no contaban con ellos.<\/p>\n<p>Destac\u00f3 que, junto con la infraestructura educativa, las obras en materia de salud son pilares que logran elevar la calidad de vida y el desarrollo de la entidad en beneficio de las y los michoacanos.<\/p>\n<p>El mandatario estatal instruy\u00f3 a las autoridades competentes a que a la brevedad se realice la construcci\u00f3n carretera de la entrada al Centro de Salud y se rehabilite el camino de la Tepuza- Numar\u00e1n que se encuentra en malas condiciones, adem\u00e1s de la reconstrucci\u00f3n de otros caminos y puentes saca cosechas en la regi\u00f3n que lo requieren.<\/p>\n<p>La secretaria de Salud, Diana Celia Carpio R\u00edos, dijo que hoy se hace realidad una de las principales demandas de la poblaci\u00f3n, que contar\u00e1 tambi\u00e9n con un grupo de m\u00e9dicos que dar\u00e1n atenci\u00f3n en este Centro.<\/p>\n<p>\u201cSe trata de una obra acariciada y anhelada durante muchos a\u00f1os, que hoy es una realidad y que brindar\u00e1n la mejor atenci\u00f3n a ni\u00f1as, ni\u00f1os, adolescentes, mujeres, hombres y personas de la tercera edad\u201d, destac\u00f3.<\/p>\n<p>El secretario de Comunicaciones y Obras P\u00fablicas, Jos\u00e9 Juan Dom\u00ednguez L\u00f3pez, explic\u00f3 que este espacio que se encontraba en obra negra desde 2010, se manten\u00eda abandonado, agrietado y vandalizado.<\/p>\n<p>Sin embargo, detall\u00f3 que con una aportaci\u00f3n de m\u00e1s de 10 millones de pesos aplicados en su rehabilitaci\u00f3n y equipamiento, se logr\u00f3 retomar la obra y concluirla para beneficiar a familias de la comunidad y el municipio.<\/p>\n<p>Este cuenta con rampas para personas con discapacidad, dos consultorios m\u00e9dicos, \u00e1rea de estimulaci\u00f3n temprana, farmacia, \u00e1rea de lavado, sala de espera, s\u00e9ptico, andadores, banquetas, \u00e1reas verdes, estacionamiento, adem\u00e1s de instalaciones el\u00e9ctricas, sanitarias e hidr\u00e1ulicas, por mencionar algunos.<\/p>\n<p>\u201cEs un Centro que nos va a beneficiar a todos los pobladores de La Tepuza y de las comunidades cercanas, realmente lo ocup\u00e1bamos porque no ten\u00edamos nada. Siempre lo hab\u00edamos pedido y deseado desde otras administraciones y hoy hacen nuestra petici\u00f3n una realidad\u201d, extern\u00f3 Emilia Murillo Garc\u00eda, habitante de la localidad.<\/p>\n<p>El encargado del despacho de la presidencia municipal de Numar\u00e1n, Juan Arizaga Berber, agradeci\u00f3 a quienes hicieron posible este esfuerzo de alta necesidad para todo el municipio.<\/p>\n<p>El encargado del orden de la comunidad, Carlos Ram\u00edrez Aguilera, destac\u00f3 que Silvano Aureoles es el segundo Gobernador en visitar La Tepuza, y agradeci\u00f3 por esta acci\u00f3n que ser\u00e1 de gran impacto para esta regi\u00f3n, aunada a otras acciones que se realizan; \u201custed Gobernador se rige por hechos y no palabras\u201d.<\/p>\n<p>En esta gira de trabajo estuvieron presentes el director del R\u00e9gimen Estatal de Protecci\u00f3n Social en Salud, Germ\u00e1n Ortega Silva; presidentes municipales; autoridades de los tres \u00f3rdenes de Gobierno, ciudadan\u00eda y representantes de los medios de comunicaci\u00f3n.<\/p>\n<p>&nbsp;<\/p>\n<p><img loading=\"lazy\" decoding=\"async\" class=\"\" src=\"http:\/\/michoacan.gob.mx\/wp-content\/uploads\/2018\/05\/7202fa3f-9a00-4e8d-bb6c-afd10d0a000c.jpeg\" width=\"399\" height=\"266\" \/><\/p>\n<p><img loading=\"lazy\" decoding=\"async\" class=\"\" src=\"http:\/\/michoacan.gob.mx\/wp-content\/uploads\/2018\/05\/5d3807a4-6f90-42d3-b652-368ec6b9e37d.jpeg\" width=\"399\" height=\"266\" \/><\/p>\n<p>&nbsp;<\/p>\n<p><img loading=\"lazy\" decoding=\"async\" class=\"\" src=\"http:\/\/michoacan.gob.mx\/wp-content\/uploads\/2018\/05\/18b24e11-ef4b-4978-9e86-512f46284bea.jpeg\" width=\"401\" height=\"267\" \/><\/p>\n","protected":false},"excerpt":{"rendered":"<p>Supervisa el Gobernador Constitucional Silvano Aureoles la operatividad de este Centro, que beneficiar\u00e1 a las y los habitantes de la comunidad y el municipio de Numar\u00e1n. La obra hab\u00eda quedado en el abandono desde 2010. La Tepuza, mpio. de Numar\u00e1n, Michoac\u00e1n, a 26 de mayo de 2018.-\u00a0Desde su origen, la comunidad de La Tepuza en [&hellip;]<\/p>\n","protected":false},"author":2,"featured_media":53577,"comment_status":"closed","ping_status":"closed","sticky":false,"template":"","format":"standard","meta":{"footnotes":""},"categories":[14,3,60],"tags":[],"class_list":["post-53576","post","type-post","status-publish","format-standard","has-post-thumbnail","hentry","category-destacadas","category-gobierno-del-estado-de-michoacan","category-michoacan"],"_links":{"self":[{"href":"https:\/\/radiowebmx.com\/nota\/wp-json\/wp\/v2\/posts\/53576","targetHints":{"allow":["GET"]}}],"collection":[{"href":"https:\/\/radiowebmx.com\/nota\/wp-json\/wp\/v2\/posts"}],"about":[{"href":"https:\/\/radiowebmx.com\/nota\/wp-json\/wp\/v2\/types\/post"}],"author":[{"embeddable":true,"href":"https:\/\/radiowebmx.com\/nota\/wp-json\/wp\/v2\/users\/2"}],"replies":[{"embeddable":true,"href":"https:\/\/radiowebmx.com\/nota\/wp-json\/wp\/v2\/comments?post=53576"}],"version-history":[{"count":1,"href":"https:\/\/radiowebmx.com\/nota\/wp-json\/wp\/v2\/posts\/53576\/revisions"}],"predecessor-version":[{"id":53578,"href":"https:\/\/radiowebmx.com\/nota\/wp-json\/wp\/v2\/posts\/53576\/revisions\/53578"}],"wp:featuredmedia":[{"embeddable":true,"href":"https:\/\/radiowebmx.com\/nota\/wp-json\/wp\/v2\/media\/53577"}],"wp:attachment":[{"href":"https:\/\/radiowebmx.com\/nota\/wp-json\/wp\/v2\/media?parent=53576"}],"wp:term":[{"taxonomy":"category","embeddable":true,"href":"https:\/\/radiowebmx.com\/nota\/wp-json\/wp\/v2\/categories?post=53576"},{"taxonomy":"post_tag","embeddable":true,"href":"https:\/\/radiowebmx.com\/nota\/wp-json\/wp\/v2\/tags?post=53576"}],"curies":[{"name":"wp","href":"https:\/\/api.w.org\/{rel}","templated":true}]}}