{"id":53569,"date":"2018-05-26T12:15:41","date_gmt":"2018-05-26T17:15:41","guid":{"rendered":"https:\/\/radiowebmx.com\/nota\/?p=53569"},"modified":"2018-05-28T10:43:13","modified_gmt":"2018-05-28T15:43:13","slug":"lucharemos-contra-la-inseguridad-con-la-fuerza-de-los-ciudadanos-wilfrido-lazaro-medina","status":"publish","type":"post","link":"https:\/\/radiowebmx.com\/nota\/lucharemos-contra-la-inseguridad-con-la-fuerza-de-los-ciudadanos-wilfrido-lazaro-medina\/","title":{"rendered":"Lucharemos contra la inseguridad con la fuerza de los ciudadanos: Wilfrido L\u00e1zaro Medina"},"content":{"rendered":"<p><img loading=\"lazy\" decoding=\"async\" class=\"\" src=\"https:\/\/attachment.outlook.live.net\/owa\/comgrafic_3@hotmail.com\/service.svc\/s\/GetAttachmentThumbnail?id=AQMkADAwATY0MDABLTgwNTYtZWM3OS0wMAItMDAKAEYAAAPaed1c1j8KT7aURLn6rI5GBwAe15j5sUT3TaISzCRY4uMCAAACAQwAAADomvo5BPcZT7qsxXAm84sCAAAA9fmMyAAAAAESABAAx5drqiGf7Uui%2Fz6ITUySvg%3D%3D&amp;thumbnailType=2&amp;X-OWA-CANARY=u76CnDhptE6KQyLDnBBhLHBjk26xxNUY-UOzFeV4SZdo5m-n7zUw3nC_HbwYoCH150sqjK1c5Gc.&amp;token=eyJhbGciOiJSUzI1NiIsImtpZCI6IjA2MDBGOUY2NzQ2MjA3MzdFNzM0MDRFMjg3QzQ1QTgxOENCN0NFQjgiLCJ4NXQiOiJCZ0Q1OW5SaUJ6Zm5OQVRpaDhSYWdZeTN6cmciLCJ0eXAiOiJKV1QifQ.eyJ2ZXIiOiJFeGNoYW5nZS5DYWxsYmFjay5WMSIsImFwcGN0eHNlbmRlciI6Ik93YURvd25sb2FkQDg0ZGY5ZTdmLWU5ZjYtNDBhZi1iNDM1LWFhYWFhYWFhYWFhYSIsImFwcGN0eCI6IntcIm1zZXhjaHByb3RcIjpcIm93YVwiLFwicHJpbWFyeXNpZFwiOlwiUy0xLTI4MjctNDA5NjAwLTIxNTMxODAyODFcIixcInB1aWRcIjpcIjE3NTkyMjA3NTc2MjE4ODFcIixcIm9pZFwiOlwiMDAwNjQwMDAtODA1Ni1lYzc5LTAwMDAtMDAwMDAwMDAwMDAwXCIsXCJzY29wZVwiOlwiT3dhRG93bmxvYWRcIn0iLCJuYmYiOjE1Mjc1MjE4MTgsImV4cCI6MTUyNzUyMjQxOCwiaXNzIjoiMDAwMDAwMDItMDAwMC0wZmYxLWNlMDAtMDAwMDAwMDAwMDAwQDg0ZGY5ZTdmLWU5ZjYtNDBhZi1iNDM1LWFhYWFhYWFhYWFhYSIsImF1ZCI6IjAwMDAwMDAyLTAwMDAtMGZmMS1jZTAwLTAwMDAwMDAwMDAwMC9hdHRhY2htZW50Lm91dGxvb2subGl2ZS5uZXRAODRkZjllN2YtZTlmNi00MGFmLWI0MzUtYWFhYWFhYWFhYWFhIn0.TlDsEqcI1E2P6lFel04MoQsfbBE-ZKdUwTM1aG_b5XgEPmWsqU21F6v0QOi4fNQqc0UyfWgWAVNIYf7wKDHlzk-aF8ctdxYSjBQip_Ctg-YUckJZsX22nUnclXe_3lMZem2gmP08vrbZ7BU0makGqIDT_DmLJrtQQqorDSbLV9mxGixGHYQmFJAuncD2IlkR-ikOvuKBardAMvOfufpN2EYHVn5f53ZpwYhZT12WaMWO4cXHxmicrTtFqJgKtNHUkJegOUioIab-T52fiecNrzlYncdU-1GuIEWxm1rR8nf7MuWFSF-0Or21C_SP5w57_u3dQvyRMXw06i673nCczw&amp;owa=outlook.live.com&amp;isc=1\" width=\"400\" height=\"266\" \/><\/p>\n<ul>\n<li><strong>El candidato a diputado federal llam\u00f3 a la ciudadan\u00eda a generar proyectos que fomenten la cultura de paz en la ciudad.<\/strong><\/li>\n<\/ul>\n<p>&nbsp;<\/p>\n<p>Morelia, Michoac\u00e1n, 26 de mayo de 2018.- &#8220;Con la participaci\u00f3n ciudadana lucharemos contra la inseguridad para logar una Morelia m\u00e1s segura y que sus habitantes mejoren su calidad de vida&#8221;, se\u00f1al\u00f3 Wilfrido L\u00e1zaro Medina, candidato del PRI a diputado federal por el Distrito 08 de Morelia.<\/p>\n<p>Durante un recorrido por la colonia Solidaridad, a donde tambi\u00e9n acudieron los candidatos del PRI a presidente municipal y diputado local por el Distrito X de Morelia, Daniela de los Santos Torres y Eligio Cuitl\u00e1huac Gonz\u00e1lez Far\u00edas, respectivamente, Wilfrido L\u00e1zaro reiter\u00f3 la necesidad de trabajar en conjunto con la ciudadan\u00eda para lograr acabar con la inseguridad.<\/p>\n<p>\u201cVamos a realizar un pacto ciudadano para luchar contra la inseguridad, no desde la debilidad y el miedo, desde la fuerza, porque\u200b la Fuerza de Morelia somos todos\u201d, destac\u00f3 el candidato.<\/p>\n<p>A su vez, los morelianos de la colonia Solidaridad refrendaron su apoyo con los candidatos y establecieron el compromiso de trabajar juntos para resolver los problemas que les aquejan.<\/p>\n<p>L\u00e1zaro Medina resalt\u00f3 que es tiempo de dejar el miedo a un lado para sumar esfuerzos en beneficio de la gente y con ello crear programas enfocados a la cultura de paz y la prevenci\u00f3n del delito.<\/p>\n<p>El candidato reiter\u00f3 que desde el Congreso de la Uni\u00f3n se gestionar\u00e1n\u200b recursos que se destinen a la prevenci\u00f3n del delito y enfocarlos a proyectos que de la mano con la ciudadan\u00eda generen una cultura de paz en la ciudad.<\/p>\n<p>Como ocurri\u00f3 cuando fue presidente municipal de Morelia con la creaci\u00f3n del Coro Monumental, el cual dio la oportunidad a 3 mil ni\u00f1os y j\u00f3venes de acercarse al arte y a la cultura de paz.<\/p>\n<p>Con acciones como \u00e9sta, se\u00f1al\u00f3 Wilfrido L\u00e1zaro, sumaremos esfuerzos para que Morelia vuelva a ser una ciudad segura y fuerte.<\/p>\n<p>&nbsp;<\/p>\n<p>&nbsp;<\/p>\n","protected":false},"excerpt":{"rendered":"<p>El candidato a diputado federal llam\u00f3 a la ciudadan\u00eda a generar proyectos que fomenten la cultura de paz en la ciudad. &nbsp; Morelia, Michoac\u00e1n, 26 de mayo de 2018.- &#8220;Con la participaci\u00f3n ciudadana lucharemos contra la inseguridad para logar una Morelia m\u00e1s segura y que sus habitantes mejoren su calidad de vida&#8221;, se\u00f1al\u00f3 Wilfrido L\u00e1zaro [&hellip;]<\/p>\n","protected":false},"author":2,"featured_media":53570,"comment_status":"closed","ping_status":"closed","sticky":false,"template":"","format":"standard","meta":{"footnotes":""},"categories":[14,90],"tags":[],"class_list":["post-53569","post","type-post","status-publish","format-standard","has-post-thumbnail","hentry","category-destacadas","category-elecciones-2018"],"_links":{"self":[{"href":"https:\/\/radiowebmx.com\/nota\/wp-json\/wp\/v2\/posts\/53569","targetHints":{"allow":["GET"]}}],"collection":[{"href":"https:\/\/radiowebmx.com\/nota\/wp-json\/wp\/v2\/posts"}],"about":[{"href":"https:\/\/radiowebmx.com\/nota\/wp-json\/wp\/v2\/types\/post"}],"author":[{"embeddable":true,"href":"https:\/\/radiowebmx.com\/nota\/wp-json\/wp\/v2\/users\/2"}],"replies":[{"embeddable":true,"href":"https:\/\/radiowebmx.com\/nota\/wp-json\/wp\/v2\/comments?post=53569"}],"version-history":[{"count":1,"href":"https:\/\/radiowebmx.com\/nota\/wp-json\/wp\/v2\/posts\/53569\/revisions"}],"predecessor-version":[{"id":53571,"href":"https:\/\/radiowebmx.com\/nota\/wp-json\/wp\/v2\/posts\/53569\/revisions\/53571"}],"wp:featuredmedia":[{"embeddable":true,"href":"https:\/\/radiowebmx.com\/nota\/wp-json\/wp\/v2\/media\/53570"}],"wp:attachment":[{"href":"https:\/\/radiowebmx.com\/nota\/wp-json\/wp\/v2\/media?parent=53569"}],"wp:term":[{"taxonomy":"category","embeddable":true,"href":"https:\/\/radiowebmx.com\/nota\/wp-json\/wp\/v2\/categories?post=53569"},{"taxonomy":"post_tag","embeddable":true,"href":"https:\/\/radiowebmx.com\/nota\/wp-json\/wp\/v2\/tags?post=53569"}],"curies":[{"name":"wp","href":"https:\/\/api.w.org\/{rel}","templated":true}]}}