{"id":53560,"date":"2018-05-25T14:22:09","date_gmt":"2018-05-25T19:22:09","guid":{"rendered":"https:\/\/radiowebmx.com\/nota\/?p=53560"},"modified":"2018-05-25T14:22:09","modified_gmt":"2018-05-25T19:22:09","slug":"aprueban-en-comision-reformas-en-materia-de-salud-rogelio-trejo","status":"publish","type":"post","link":"https:\/\/radiowebmx.com\/nota\/aprueban-en-comision-reformas-en-materia-de-salud-rogelio-trejo\/","title":{"rendered":"Aprueban en comisi\u00f3n reformas en materia de salud: Rogelio Trejo"},"content":{"rendered":"<p class=\"x_MsoNormal\"><b>Morelia; Michoac\u00e1n, 25 de mayo de 2018<\/b>.-\u00a0\u00a0\u00a0La salud es condici\u00f3n indispensable para el desarrollo pleno de las y los michoacanos, conscientes de ello, se dictamin\u00f3 una iniciativa de reformas a Ley de Salud del Estado, inform\u00f3 el diputado Rogelio Trejo Trejo, la cual tiene como finalidad promover y garantizar el respeto a los derechos humanos de los usuarios de los servicios p\u00fablicos, privados o sociales en el \u00e1mbito de la salud.<\/p>\n<p class=\"x_MsoNormal\">El diputado presidente de la Comisi\u00f3n de Salud y Asistencia Social, mencion\u00f3 que la iniciativa dictaminada fue presentada por la diputada con licencia Juanita Noem\u00ed Ram\u00edrez, misma que se turnar\u00e1 al Pleno de la LXXIII Legislatura para su discusi\u00f3n y aprobaci\u00f3n.<\/p>\n<p class=\"x_MsoNormal\">El diputado local por el Distrito de Maravat\u00edo, explic\u00f3 que\u00a0\u00a0estas reformas son necesarias,\u00a0\u00a0ya que en ella se establecen estrategias y soluciones que permitir\u00e1n afrontar y corregir las desigualdades, las pr\u00e1cticas discriminatorias y las relaciones de poder injustas que suelen ser aspectos centrales de la inequidad en los resultados sanitarios.<\/p>\n<p class=\"x_MsoNormal\">Con las reformas resalt\u00f3 el diputado integrante del Grupo Parlamentario del Partido de la Revoluci\u00f3n Democr\u00e1tica los usuarios tendr\u00e1n derecho a acceder oportuna y libremente a la prestaci\u00f3n de servicios de salud de calidad y a recibir atenci\u00f3n y tratamiento m\u00e9dico, profesional y \u00e9ticamente responsable, conforme a los principios cient\u00edficamente aceptados, as\u00ed como trato respetuoso y digno a sus derechos, su vida privada, su cultura y sus valores.<\/p>\n<p class=\"x_MsoNormal\">De igual manera, tendr\u00e1n derecho a recibir informaci\u00f3n y orientaci\u00f3n suficiente, comprensible, veraz, oportuna, eficaz y apropiada a su edad, g\u00e9nero e identidad cultural, respecto de su estado de salud, historial m\u00e9dico y sobre los riesgos y alternativas de los procedimientos, tratamientos y diagn\u00f3sticos terap\u00e9uticos y quir\u00fargicos que se le indiquen o apliquen, la cual ser\u00e1 confidencial y protegida.<\/p>\n<p class=\"x_MsoNormal\">Trat\u00e1ndose de usuarios originarios de pueblos y comunidades ind\u00edgenas y con discapacidad, \u00e9stos tendr\u00e1n derecho a contar con un int\u00e9rprete o traductor que facilite la comunicaci\u00f3n con el personal de salud, con el fin de dar una atenci\u00f3n adecuada, pudiendo apoyarse para tal efecto en la Secretar\u00eda de los Pueblos Ind\u00edgenas y en la Secretar\u00eda de Educaci\u00f3n, en el \u00e1mbito de sus respectivas competencias.<\/p>\n<p class=\"x_MsoNormal\">En tanto, Rogelio Trejo mencion\u00f3 que las autoridades sanitarias y sus auxiliares, as\u00ed como las instituciones de salud p\u00fablicas o privadas adoptar\u00e1n procedimientos de orientaci\u00f3n y asesor\u00eda sobre el uso de los servicios de salud.<\/p>\n<p class=\"x_MsoNormal\">Asimismo, se establecer\u00e1n mecanismos para que los usuarios presenten sus quejas, inconformidades y sugerencias respecto de la prestaci\u00f3n de los servicios de salud y que exponga sobre la presunta falta de honorabilidad, la posible irregularidad de los actos y omisiones o negativa injustificada en la atenci\u00f3n de los servidores p\u00fablicos.<\/p>\n<p class=\"x_MsoNormal\">Dichas reclamaciones deber\u00e1n ser recibidas, atendidas, investigadas y resueltas, habiendo practicado todas las diligencias que correspondan, en forma oportuna, efectiva y directamente por las instancias que el Sistema y las autoridades sanitarias competentes tengan definidas para tal efecto, cuando la soluci\u00f3n corresponda a su \u00e1mbito de competencia.<\/p>\n<p class=\"x_MsoNormal\">En el dictamen se establece que la Secretar\u00eda en coordinaci\u00f3n con los ayuntamientos constituir\u00e1n comit\u00e9s y patronatos de salud que podr\u00e1n ser integrados por n\u00facleos de poblaci\u00f3n urbana y rural, los cuales tendr\u00e1n como objetivo la participaci\u00f3n en el mejoramiento y vigilancia de los servicios de salud de su localidad.<\/p>\n<p class=\"x_MsoNormal\">\n","protected":false},"excerpt":{"rendered":"<p>Morelia; Michoac\u00e1n, 25 de mayo de 2018.-\u00a0\u00a0\u00a0La salud es condici\u00f3n indispensable para el desarrollo pleno de las y los michoacanos, conscientes de ello, se dictamin\u00f3 una iniciativa de reformas a Ley de Salud del Estado, inform\u00f3 el diputado Rogelio Trejo Trejo, la cual tiene como finalidad promover y garantizar el respeto a los derechos humanos [&hellip;]<\/p>\n","protected":false},"author":2,"featured_media":53561,"comment_status":"closed","ping_status":"closed","sticky":false,"template":"","format":"standard","meta":{"footnotes":""},"categories":[6,14],"tags":[],"class_list":["post-53560","post","type-post","status-publish","format-standard","has-post-thumbnail","hentry","category-congreso-del-estado","category-destacadas"],"_links":{"self":[{"href":"https:\/\/radiowebmx.com\/nota\/wp-json\/wp\/v2\/posts\/53560","targetHints":{"allow":["GET"]}}],"collection":[{"href":"https:\/\/radiowebmx.com\/nota\/wp-json\/wp\/v2\/posts"}],"about":[{"href":"https:\/\/radiowebmx.com\/nota\/wp-json\/wp\/v2\/types\/post"}],"author":[{"embeddable":true,"href":"https:\/\/radiowebmx.com\/nota\/wp-json\/wp\/v2\/users\/2"}],"replies":[{"embeddable":true,"href":"https:\/\/radiowebmx.com\/nota\/wp-json\/wp\/v2\/comments?post=53560"}],"version-history":[{"count":1,"href":"https:\/\/radiowebmx.com\/nota\/wp-json\/wp\/v2\/posts\/53560\/revisions"}],"predecessor-version":[{"id":53562,"href":"https:\/\/radiowebmx.com\/nota\/wp-json\/wp\/v2\/posts\/53560\/revisions\/53562"}],"wp:featuredmedia":[{"embeddable":true,"href":"https:\/\/radiowebmx.com\/nota\/wp-json\/wp\/v2\/media\/53561"}],"wp:attachment":[{"href":"https:\/\/radiowebmx.com\/nota\/wp-json\/wp\/v2\/media?parent=53560"}],"wp:term":[{"taxonomy":"category","embeddable":true,"href":"https:\/\/radiowebmx.com\/nota\/wp-json\/wp\/v2\/categories?post=53560"},{"taxonomy":"post_tag","embeddable":true,"href":"https:\/\/radiowebmx.com\/nota\/wp-json\/wp\/v2\/tags?post=53560"}],"curies":[{"name":"wp","href":"https:\/\/api.w.org\/{rel}","templated":true}]}}