{"id":53554,"date":"2018-05-25T14:15:53","date_gmt":"2018-05-25T19:15:53","guid":{"rendered":"https:\/\/radiowebmx.com\/nota\/?p=53554"},"modified":"2018-05-25T14:15:53","modified_gmt":"2018-05-25T19:15:53","slug":"analizan-en-comisiones-comunicaciones-turnadas-por-finanzas-raul-prieto","status":"publish","type":"post","link":"https:\/\/radiowebmx.com\/nota\/analizan-en-comisiones-comunicaciones-turnadas-por-finanzas-raul-prieto\/","title":{"rendered":"Analizan en comisiones comunicaciones turnadas por Finanzas: Ra\u00fal Prieto"},"content":{"rendered":"<p class=\"x_MsoNormal\"><b>Morelia; Michoac\u00e1n, 25 de mayo de 2018<\/b>.-\u00a0\u00a0\u00a0A fin de revisar las comunicaciones enviadas por la Secretar\u00eda de Finanzas y Administraci\u00f3n del Estado, en reuni\u00f3n de Comisiones Unidas de Hacienda y Deuda P\u00fablica y de Programaci\u00f3n, Presupuesto y Cuenta P\u00fablica se realiz\u00f3 un an\u00e1lisis de la informaci\u00f3n presentada al Congreso del Estado y turnada por el pleno, inform\u00f3 el diputado Ra\u00fal Prieto G\u00f3mez.<\/p>\n<p class=\"x_MsoNormal\">El presidente de la Comisi\u00f3n de Programaci\u00f3n Presupuesto y Cuenta P\u00fablica, manifest\u00f3 el compromiso de los legisladores de coadyuvar en el cauce de un ejercicio del gasto p\u00fablico equilibrado, equitativo, ordenado y que atienda las necesidades prioritarias de la entidad y sus municipios.<\/p>\n<p class=\"x_MsoNormal\">En ese sentido, Ra\u00fal Prieto inform\u00f3 que entre los temas se revisaron en comisiones unidas fue la comunicaci\u00f3n que contiene el informe sobre las acciones ejecutadas en relaci\u00f3n al refinanciamiento y reestructura de parte de la deuda p\u00fablica autorizada por el Congreso del Estado mediante el decreto n\u00famero 345.<\/p>\n<p class=\"x_MsoNormal\">Asimismo mencion\u00f3 que se revis\u00f3 el informe de actividades realizados del 11 de agosto al 25 de septiembre del 2017 presentado por la Secretar\u00eda de Finanzas y Administraci\u00f3n del Estado consistentes en la restructuraci\u00f3n con Banobras cr\u00e9dito 2013, sobre la licitaci\u00f3n p\u00fablica, as\u00ed como libros blancos de octubre 2017.<\/p>\n<p class=\"x_MsoNormal\">Ra\u00fal Prieto mencion\u00f3 que tambi\u00e9n se revis\u00f3 la comunicaci\u00f3n que contiene la informaci\u00f3n sobre las reestructuras realizadas al 26 de septiembre del presente a\u00f1o, misma que est\u00e1 apegada a la Ley de Deuda P\u00fablica y a la Disciplina Financiera.<\/p>\n<p class=\"x_MsoNormal\">\u201cComo legisladores estamos claros y trabajamos enfocados en contribuir en un manejo financiero sano, racional y efectivo en el Poder P\u00fablico, por lo que revisamos a fondo los documentos presentados, los cuales contienen informaci\u00f3n clara y detallada\u201d.<\/p>\n","protected":false},"excerpt":{"rendered":"<p>Morelia; Michoac\u00e1n, 25 de mayo de 2018.-\u00a0\u00a0\u00a0A fin de revisar las comunicaciones enviadas por la Secretar\u00eda de Finanzas y Administraci\u00f3n del Estado, en reuni\u00f3n de Comisiones Unidas de Hacienda y Deuda P\u00fablica y de Programaci\u00f3n, Presupuesto y Cuenta P\u00fablica se realiz\u00f3 un an\u00e1lisis de la informaci\u00f3n presentada al Congreso del Estado y turnada por el [&hellip;]<\/p>\n","protected":false},"author":2,"featured_media":53555,"comment_status":"closed","ping_status":"closed","sticky":false,"template":"","format":"standard","meta":{"footnotes":""},"categories":[6,14],"tags":[],"class_list":["post-53554","post","type-post","status-publish","format-standard","has-post-thumbnail","hentry","category-congreso-del-estado","category-destacadas"],"_links":{"self":[{"href":"https:\/\/radiowebmx.com\/nota\/wp-json\/wp\/v2\/posts\/53554","targetHints":{"allow":["GET"]}}],"collection":[{"href":"https:\/\/radiowebmx.com\/nota\/wp-json\/wp\/v2\/posts"}],"about":[{"href":"https:\/\/radiowebmx.com\/nota\/wp-json\/wp\/v2\/types\/post"}],"author":[{"embeddable":true,"href":"https:\/\/radiowebmx.com\/nota\/wp-json\/wp\/v2\/users\/2"}],"replies":[{"embeddable":true,"href":"https:\/\/radiowebmx.com\/nota\/wp-json\/wp\/v2\/comments?post=53554"}],"version-history":[{"count":1,"href":"https:\/\/radiowebmx.com\/nota\/wp-json\/wp\/v2\/posts\/53554\/revisions"}],"predecessor-version":[{"id":53556,"href":"https:\/\/radiowebmx.com\/nota\/wp-json\/wp\/v2\/posts\/53554\/revisions\/53556"}],"wp:featuredmedia":[{"embeddable":true,"href":"https:\/\/radiowebmx.com\/nota\/wp-json\/wp\/v2\/media\/53555"}],"wp:attachment":[{"href":"https:\/\/radiowebmx.com\/nota\/wp-json\/wp\/v2\/media?parent=53554"}],"wp:term":[{"taxonomy":"category","embeddable":true,"href":"https:\/\/radiowebmx.com\/nota\/wp-json\/wp\/v2\/categories?post=53554"},{"taxonomy":"post_tag","embeddable":true,"href":"https:\/\/radiowebmx.com\/nota\/wp-json\/wp\/v2\/tags?post=53554"}],"curies":[{"name":"wp","href":"https:\/\/api.w.org\/{rel}","templated":true}]}}