{"id":53545,"date":"2018-05-25T12:47:51","date_gmt":"2018-05-25T17:47:51","guid":{"rendered":"https:\/\/radiowebmx.com\/nota\/?p=53545"},"modified":"2018-05-25T12:47:51","modified_gmt":"2018-05-25T17:47:51","slug":"los-jovenes-estan-molestos-pero-deben-involucrarse-daniela-de-los-santos","status":"publish","type":"post","link":"https:\/\/radiowebmx.com\/nota\/los-jovenes-estan-molestos-pero-deben-involucrarse-daniela-de-los-santos\/","title":{"rendered":"Los j\u00f3venes est\u00e1n molestos pero deben involucrarse: Daniela de los Santos"},"content":{"rendered":"<p><img loading=\"lazy\" decoding=\"async\" class=\"\" src=\"https:\/\/www.mimorelia.com\/wp-content\/uploads\/2018\/05\/elecciones-2018-grid-noticias\/politica\/24\/Daniela-de-los-santos.jpg\" width=\"398\" height=\"224\" \/><\/p>\n<p>&nbsp;<\/p>\n<ul>\n<li><strong>La candidata al Ayuntamiento de Morelia reconoci\u00f3 que esa molestia vive la mayor\u00eda de los morelianos y cada d\u00eda aumenta<\/strong><\/li>\n<\/ul>\n<p><strong>Morelia, Michoac\u00e1n<\/strong>\u00a0.- Los j\u00f3venes se encuentran molestos por el derroche de recursos p\u00fablicos, por las obras ineficientes, por la corrupci\u00f3n, por la inseguridad y por la falta de oportunidades, pero deben saber que eso no se va a terminar nunca si ellos mismos no se involucran en los asuntos p\u00fablicos de la ciudad, extern\u00f3\u00a0<strong>Daniela de los Santos Torres.<\/strong><\/p>\n<p>La joven candidata a la Presidencia de Morelia por el Partido Revolucionario Institucional (PRI) fue invitada al foro \u201d El M\u00e9xico de l@s j\u00f3venes\u201d, donde estuvo presente el coordinador nacional juvenil de la campa\u00f1a de\u00a0<strong>Jos\u00e9 Antonio Meade Kuribre\u00f1a, Jos\u00e9 Manuel Romero Coello<\/strong>, as\u00ed como la candidata al Senado de la Rep\u00fablica,\u00a0<strong>Xochitl Ruiz Gonz\u00e1lez.<\/strong><\/p>\n<p>Los j\u00f3venes participantes en el foro presentaron mesas de discusi\u00f3n dise\u00f1adas a mejorar las pol\u00edticas p\u00fablicas del municipio y el pa\u00eds con temas sobre la seguridad total, econom\u00eda sustentable, educaci\u00f3n de excelencia y combate a la corrupci\u00f3n.<\/p>\n<p>El foro se prest\u00f3 para que la juventud moreliana externara su molestia hacia la administraci\u00f3n municipal, de la cual dijeron, ha hecho un derroche de recursos p\u00fablicos en obras deficientes, sin que la transparencia sea el eje rector de \u00e9stas.<\/p>\n<p>\u201cDE ESA INCONGRUENCIA ES DE LA QUE ESTAMOS CANSADOS, DE LA IMPUNIDAD, LA IGNORANCIA, LA INSEGURIDAD, LA DISCRIMINACI\u00d3N, LA FALTA DE EMPLEOS, DEL DERROCHE DE DINERO Y DE LA CORRUPCI\u00d3N\u201d, EXTERN\u00d3 UNO DE LOS PARTICIPANTES.<\/p>\n<p>En su oportunidad, la candidata al Ayuntamiento de Morelia reconoci\u00f3 que esa molestia vive la mayor\u00eda de los morelianos y cada d\u00eda aumenta ante administraciones que hacen o\u00eddos sordos a los problemas de la sociedad, pero fue precisa al se\u00f1alar que si ellos mismos no empiezan a involucrarse, a exigir y a denunciar, esos problemas que tanto nos molestan a todos nunca se van a acabar.<\/p>\n<p>&nbsp;<\/p>\n","protected":false},"excerpt":{"rendered":"<p>&nbsp; La candidata al Ayuntamiento de Morelia reconoci\u00f3 que esa molestia vive la mayor\u00eda de los morelianos y cada d\u00eda aumenta Morelia, Michoac\u00e1n\u00a0.- Los j\u00f3venes se encuentran molestos por el derroche de recursos p\u00fablicos, por las obras ineficientes, por la corrupci\u00f3n, por la inseguridad y por la falta de oportunidades, pero deben saber que eso [&hellip;]<\/p>\n","protected":false},"author":2,"featured_media":53546,"comment_status":"closed","ping_status":"closed","sticky":false,"template":"","format":"standard","meta":{"footnotes":""},"categories":[14,90],"tags":[],"class_list":["post-53545","post","type-post","status-publish","format-standard","has-post-thumbnail","hentry","category-destacadas","category-elecciones-2018"],"_links":{"self":[{"href":"https:\/\/radiowebmx.com\/nota\/wp-json\/wp\/v2\/posts\/53545","targetHints":{"allow":["GET"]}}],"collection":[{"href":"https:\/\/radiowebmx.com\/nota\/wp-json\/wp\/v2\/posts"}],"about":[{"href":"https:\/\/radiowebmx.com\/nota\/wp-json\/wp\/v2\/types\/post"}],"author":[{"embeddable":true,"href":"https:\/\/radiowebmx.com\/nota\/wp-json\/wp\/v2\/users\/2"}],"replies":[{"embeddable":true,"href":"https:\/\/radiowebmx.com\/nota\/wp-json\/wp\/v2\/comments?post=53545"}],"version-history":[{"count":1,"href":"https:\/\/radiowebmx.com\/nota\/wp-json\/wp\/v2\/posts\/53545\/revisions"}],"predecessor-version":[{"id":53547,"href":"https:\/\/radiowebmx.com\/nota\/wp-json\/wp\/v2\/posts\/53545\/revisions\/53547"}],"wp:featuredmedia":[{"embeddable":true,"href":"https:\/\/radiowebmx.com\/nota\/wp-json\/wp\/v2\/media\/53546"}],"wp:attachment":[{"href":"https:\/\/radiowebmx.com\/nota\/wp-json\/wp\/v2\/media?parent=53545"}],"wp:term":[{"taxonomy":"category","embeddable":true,"href":"https:\/\/radiowebmx.com\/nota\/wp-json\/wp\/v2\/categories?post=53545"},{"taxonomy":"post_tag","embeddable":true,"href":"https:\/\/radiowebmx.com\/nota\/wp-json\/wp\/v2\/tags?post=53545"}],"curies":[{"name":"wp","href":"https:\/\/api.w.org\/{rel}","templated":true}]}}