{"id":53536,"date":"2018-05-25T12:27:18","date_gmt":"2018-05-25T17:27:18","guid":{"rendered":"https:\/\/radiowebmx.com\/nota\/?p=53536"},"modified":"2018-05-25T12:27:18","modified_gmt":"2018-05-25T17:27:18","slug":"vamos-a-terminar-con-privilegios-y-favoritismo-raul-moron","status":"publish","type":"post","link":"https:\/\/radiowebmx.com\/nota\/vamos-a-terminar-con-privilegios-y-favoritismo-raul-moron\/","title":{"rendered":"Vamos a terminar con privilegios y favoritismo: Ra\u00fal Mor\u00f3n"},"content":{"rendered":"<ul>\n<li><strong>Los \u201cindependientes\u201d y los dem\u00e1s partidos se han dedicado a hacer negocio, desde el Ayuntamiento, a costa de los morelianos<\/strong><\/li>\n<\/ul>\n<p><strong>Morelia, Michoac\u00e1n<\/strong>.- El\u00a0<strong>gobierno<\/strong>\u00a0que vamos a encabezar a partir del 1 de septiembre pr\u00f3ximo, se va a construir con la presencia de todos los sectores de la ciudad, contaremos con un gabinete en donde estar\u00e1n representados los empresarios, representantes de las colonias, organizaciones civiles, j\u00f3venes, mujeres, y acad\u00e9micos, entre muchos m\u00e1s. Gobernaremos Morelia con lo mejor de nuestra sociedad, porque vamos a terminar con privilegios y favoritismo, destac\u00f3\u00a0<strong>Ra\u00fal Mor\u00f3n<\/strong>.<\/p>\n<p>A lo largo de la semana el candidato de Morena-PT ha sostenido encuentros con representantes de c\u00e1maras empresariales, organizaciones ciudadanas y grupos acad\u00e9micos, ante quienes ha refrendado que \u00e9l no gobernar\u00e1 con amigos, sino que su futura administraci\u00f3n contar\u00e1 con los mejores perfiles que tenga Morelia, y que contribuyan a la transformaci\u00f3n de la capital del estado.<\/p>\n<div class=\"teads-inread\"><\/div>\n<p>El candidato de Morena-Partido del Trabajo a la Presidencia Municipal de Morelia, enfatiz\u00f3 que se enfocar\u00e1 para que desde el principio su administraci\u00f3n sea honesta y transparente. \u201cNosotros mantendremos una relaci\u00f3n cordial y fluida con el Gobierno Federal que encabezar\u00e1 Andr\u00e9s Manuel L\u00f3pez Obrador, y con el gobernador de Michoac\u00e1n, Silvano Aureoles, pero tambi\u00e9n con el sector productivo, con la sociedad civil, con los colonos y l\u00edderes de organizaciones sociales\u201d, refrend\u00f3.<\/p>\n<p>Enfatiz\u00f3 que el signo distintivo de su gesti\u00f3n ser\u00e1 la honestidad y la transparencia, en donde cada decisi\u00f3n, cada obra p\u00fablica, cada pol\u00edtica p\u00fablica y programa social, ser\u00e1 informado a los ciudadanos en tiempo y forma.<\/p>\n<p>Respecto a los recientes hechos de inseguridad que se registra en Morelia, Ra\u00fal Mor\u00f3n enfatiz\u00f3 que es visible la falta de coordinaci\u00f3n de la autoridad en funciones con los dem\u00e1s ordenes de gobierno.<\/p>\n<p>\u201cMorelia no es una isla, es necesario atacar la delincuencia con mucha coordinaci\u00f3n, tanto con el estado y la Federaci\u00f3n, pero en el tema de seguridad, nuestra propuesta es atajarla desde otras tantas perspectivas como lo es la prevenci\u00f3n, la seguridad\u00a0ciudadana, la recuperaci\u00f3n de espacios, y las alternativas para los j\u00f3venes\u201d, remarc\u00f3 Mor\u00f3n.<\/p>\n<p>A\u00f1adi\u00f3 que el alcalde no se puede lavar las manos sobre lo que sucede en el municipio que gobierna, explic\u00f3; \u201clas cosas desagradables son manifestaci\u00f3n de problemas que no se han atendido de manera adecuada, y reflejan la incapacidad que han tenido para poder enfrentar dichos problemas\u201d, reiter\u00f3.<\/p>\n","protected":false},"excerpt":{"rendered":"<p>Los \u201cindependientes\u201d y los dem\u00e1s partidos se han dedicado a hacer negocio, desde el Ayuntamiento, a costa de los morelianos Morelia, Michoac\u00e1n.- El\u00a0gobierno\u00a0que vamos a encabezar a partir del 1 de septiembre pr\u00f3ximo, se va a construir con la presencia de todos los sectores de la ciudad, contaremos con un gabinete en donde estar\u00e1n representados [&hellip;]<\/p>\n","protected":false},"author":2,"featured_media":53537,"comment_status":"closed","ping_status":"closed","sticky":false,"template":"","format":"standard","meta":{"footnotes":""},"categories":[14,90],"tags":[],"class_list":["post-53536","post","type-post","status-publish","format-standard","has-post-thumbnail","hentry","category-destacadas","category-elecciones-2018"],"_links":{"self":[{"href":"https:\/\/radiowebmx.com\/nota\/wp-json\/wp\/v2\/posts\/53536","targetHints":{"allow":["GET"]}}],"collection":[{"href":"https:\/\/radiowebmx.com\/nota\/wp-json\/wp\/v2\/posts"}],"about":[{"href":"https:\/\/radiowebmx.com\/nota\/wp-json\/wp\/v2\/types\/post"}],"author":[{"embeddable":true,"href":"https:\/\/radiowebmx.com\/nota\/wp-json\/wp\/v2\/users\/2"}],"replies":[{"embeddable":true,"href":"https:\/\/radiowebmx.com\/nota\/wp-json\/wp\/v2\/comments?post=53536"}],"version-history":[{"count":1,"href":"https:\/\/radiowebmx.com\/nota\/wp-json\/wp\/v2\/posts\/53536\/revisions"}],"predecessor-version":[{"id":53538,"href":"https:\/\/radiowebmx.com\/nota\/wp-json\/wp\/v2\/posts\/53536\/revisions\/53538"}],"wp:featuredmedia":[{"embeddable":true,"href":"https:\/\/radiowebmx.com\/nota\/wp-json\/wp\/v2\/media\/53537"}],"wp:attachment":[{"href":"https:\/\/radiowebmx.com\/nota\/wp-json\/wp\/v2\/media?parent=53536"}],"wp:term":[{"taxonomy":"category","embeddable":true,"href":"https:\/\/radiowebmx.com\/nota\/wp-json\/wp\/v2\/categories?post=53536"},{"taxonomy":"post_tag","embeddable":true,"href":"https:\/\/radiowebmx.com\/nota\/wp-json\/wp\/v2\/tags?post=53536"}],"curies":[{"name":"wp","href":"https:\/\/api.w.org\/{rel}","templated":true}]}}