{"id":53530,"date":"2018-05-24T14:15:31","date_gmt":"2018-05-24T19:15:31","guid":{"rendered":"https:\/\/radiowebmx.com\/nota\/?p=53530"},"modified":"2018-05-25T10:58:21","modified_gmt":"2018-05-25T15:58:21","slug":"presentan-diputados-convocatoria-al-sexto-parlamento-juvenil","status":"publish","type":"post","link":"https:\/\/radiowebmx.com\/nota\/presentan-diputados-convocatoria-al-sexto-parlamento-juvenil\/","title":{"rendered":"Presentan diputados convocatoria al Sexto Parlamento Juvenil"},"content":{"rendered":"<p><img loading=\"lazy\" decoding=\"async\" class=\"\" src=\"https:\/\/attachment.outlook.live.net\/owa\/ultrapolitica@hotmail.com\/service.svc\/s\/GetAttachmentThumbnail?id=AQMkADAwATYwMAItODMyNi00ODU0LTAwAi0wMAoARgAAA5HawHgQuq9DrqMPu%2BRLC5sHANRV7lYdW%2FpNtd2j%2BEW2swoAAAIBDAAAANRV7lYdW%2FpNtd2j%2BEW2swoAAmg79XMAAAABEgAQAIDjJjiTjf1KuUSzsqfyYpM%3D&amp;thumbnailType=2&amp;X-OWA-CANARY=iFk1OI3bpkiNugIP4GBd1eBiNHZXwtUYXo20a3QazqSJJ2YwSyzl2LUrsQraHXLLjQjYnS6zu3I.&amp;token=eyJhbGciOiJSUzI1NiIsImtpZCI6IjA2MDBGOUY2NzQ2MjA3MzdFNzM0MDRFMjg3QzQ1QTgxOENCN0NFQjgiLCJ4NXQiOiJCZ0Q1OW5SaUJ6Zm5OQVRpaDhSYWdZeTN6cmciLCJ0eXAiOiJKV1QifQ.eyJ2ZXIiOiJFeGNoYW5nZS5DYWxsYmFjay5WMSIsImFwcGN0eHNlbmRlciI6Ik93YURvd25sb2FkQDg0ZGY5ZTdmLWU5ZjYtNDBhZi1iNDM1LWFhYWFhYWFhYWFhYSIsImFwcGN0eCI6IntcIm1zZXhjaHByb3RcIjpcIm93YVwiLFwicHJpbWFyeXNpZFwiOlwiUy0xLTI4MjctMzkzMjE2LTIyMDAzMjQxODBcIixcInB1aWRcIjpcIjE2ODg4NTIwNjA1ODgxMTZcIixcIm9pZFwiOlwiMDAwNjAwMDAtODMyNi00ODU0LTAwMDAtMDAwMDAwMDAwMDAwXCIsXCJzY29wZVwiOlwiT3dhRG93bmxvYWRcIn0iLCJuYmYiOjE1MjcyNjM0MzMsImV4cCI6MTUyNzI2NDAzMywiaXNzIjoiMDAwMDAwMDItMDAwMC0wZmYxLWNlMDAtMDAwMDAwMDAwMDAwQDg0ZGY5ZTdmLWU5ZjYtNDBhZi1iNDM1LWFhYWFhYWFhYWFhYSIsImF1ZCI6IjAwMDAwMDAyLTAwMDAtMGZmMS1jZTAwLTAwMDAwMDAwMDAwMC9hdHRhY2htZW50Lm91dGxvb2subGl2ZS5uZXRAODRkZjllN2YtZTlmNi00MGFmLWI0MzUtYWFhYWFhYWFhYWFhIn0.IM0nSHAk31iMkPwVoXP9ymk_gJaBasCv70vUltfseQW3TK9-oL5w7NJIbnQZA9Q3GNoW3Avsm5gQJSSvk-_bfuk6DS346quShfmpawB3DWKitn8WxnxxAWkb0G-nShCjDj3Y9fOcWmb0mnDvG2N5N0f6rd0-vLlTq4GMl54bfj_F1LT43iGYnnwJJVCdJPgKhPYSAx8AqBGFE7waFptib0Ac5-oG5lWelmLxz96-RWOZyhb3K_OyCIboFfwwHFf_biwtAgVWRlhG9Vh9a-FAbLpvT8UG_OZj3VCWpz5ZAa1zfxG92reHnljWyvVqg3gxu0AaQVDvu2d9dDGhAnGwBQ&amp;owa=outlook.live.com&amp;isc=1\" width=\"401\" height=\"267\" \/><\/p>\n<ul>\n<li class=\"x_gmail-MsoNoSpacing\"><strong>Los interesados tiene hasta el 5 de julio para registrase y presentar sus propuestas<\/strong><\/li>\n<li><strong>No podr\u00e1n participar trabajadores del Congreso ni familiares de diputados<\/strong><\/li>\n<\/ul>\n<p class=\"x_gmail-MsoNoSpacing\" align=\"center\"><b>\u00a0<\/b><\/p>\n<p class=\"x_MsoNormal\"><b>Morelia; Michoac\u00e1n, 24 de mayo de 2018<\/b>.-\u00a0\u00a0\u00a0Los diputados Donovan Rend\u00f3n L\u00f3pez, Mariana Victoria Ram\u00edrez, Martha Patricia Medina Garibay y Cecilia Lazo de la Vega, integrantes del Comit\u00e9 Organizador del Parlamento Juvenil de Michoac\u00e1n 2018 dieron a conocer la convocatoria con los requisitos necesarios para formar parte de esta sexta edici\u00f3n que se llevar\u00e1 a cabo los d\u00edas 30 y 31 de agosto del presente a\u00f1o. Cabe se\u00f1alar que la presentaci\u00f3n estuvo a cargo del diputado Felipe Campos Vargas, presidente de la Comisi\u00f3n de J\u00f3venes y Deportes.<\/p>\n<p class=\"x_MsoNormal\">Para poder ser parte de dicho ejercicio de participaci\u00f3n ciudadana, se estableci\u00f3 como requisitos: ser michoacano o contar con residencia comprobable; tener entre 18 y 29 a\u00f1os de edad; participar por la modalidad de iniciativa o por proyecto social; no haber sido seleccionado en los anteriores Parlamentos Juveniles; as\u00ed como deber\u00e1n abstenerse de participar los funcionarios y empleados del Congreso local, adem\u00e1s de los familiares de los diputados.<\/p>\n<p class=\"x_MsoNormal\">A partir de este 25 de mayo y hasta el 5 de julio de 2018, ser\u00e1 la inscripci\u00f3n y entrega de documentos, de lunes a viernes, de 9:00 a 15:00 horas, en el Instituto de Investigaciones y Estudios Legislativos del Congreso del Estado, ubicada en Av. Morelos Norte, No. 82, esquina con Aquiles Serd\u00e1n, en el Centro Hist\u00f3rico de Morelia, o a trav\u00e9s del correo electr\u00f3nico<a href=\"mailto:parlamentojuvenil6@gmail.com\" target=\"_blank\" rel=\"noopener noreferrer\">parlamentojuvenil6@gmail.com<\/a><\/p>\n<p class=\"x_MsoNormal\">Cabe destacar, que este a\u00f1o los temas principales a tratar ser\u00e1n Medio Ambiente y Desarrollo Sustentable; Desarrollo Social y Econ\u00f3mico; Salud y Educaci\u00f3n, Migraci\u00f3n, Grupos Vulnerables e Ind\u00edgenas; Seguridad P\u00fablica y Cultura de la Paz; y Participaci\u00f3n Ciudadana.<\/p>\n<p class=\"x_MsoNormal\">Asimismo, el Comit\u00e9 Organizador dio a conocer que para mayor informaci\u00f3n se puede consultar la p\u00e1gina oficial del Congreso del Estado\u00a0<a href=\"http:\/\/congresomich.gob.mx\/\" target=\"_blank\" rel=\"noopener noreferrer\">http:\/\/congresomich.gob.mx<\/a>, las redes sociales oficiales del mismo, en Facebook \u201cCongreso del Estado de Michoac\u00e1n\u201d, \u201cPoder Legislativo de Michoac\u00e1n\u201d y en Twetter @CongresoMich y en particular en la cuenta del Parlamento que lo pueden localizar en Facebook como \u201c6to Parlamento Juvenil\u201d.<\/p>\n<p class=\"x_MsoNormal\">En la presentaci\u00f3n de la convocatoria estuvieron presentes Monserrat Ambrosio Mondrag\u00f3n, en representaci\u00f3n de Ram\u00f3n Hern\u00e1ndez Reyes, Consejero Presidente del Instituto Electoral del Estado de Michoac\u00e1n, Carlos Francisco Cartelazo, titular del Instituto de Investigaciones y Estudios Legislativos y Marco Antonio Gami\u00f1o en representaci\u00f3n de la Secretaria de Asuntos Parlamentarios, ambos del Congreso del Estado, instituciones que forman parte del Comit\u00e9 Organizador.<\/p>\n<p class=\"x_MsoNormal\">\n","protected":false},"excerpt":{"rendered":"<p>Los interesados tiene hasta el 5 de julio para registrase y presentar sus propuestas No podr\u00e1n participar trabajadores del Congreso ni familiares de diputados \u00a0 Morelia; Michoac\u00e1n, 24 de mayo de 2018.-\u00a0\u00a0\u00a0Los diputados Donovan Rend\u00f3n L\u00f3pez, Mariana Victoria Ram\u00edrez, Martha Patricia Medina Garibay y Cecilia Lazo de la Vega, integrantes del Comit\u00e9 Organizador del Parlamento [&hellip;]<\/p>\n","protected":false},"author":2,"featured_media":53531,"comment_status":"closed","ping_status":"closed","sticky":false,"template":"","format":"standard","meta":{"footnotes":""},"categories":[6,14],"tags":[],"class_list":["post-53530","post","type-post","status-publish","format-standard","has-post-thumbnail","hentry","category-congreso-del-estado","category-destacadas"],"_links":{"self":[{"href":"https:\/\/radiowebmx.com\/nota\/wp-json\/wp\/v2\/posts\/53530","targetHints":{"allow":["GET"]}}],"collection":[{"href":"https:\/\/radiowebmx.com\/nota\/wp-json\/wp\/v2\/posts"}],"about":[{"href":"https:\/\/radiowebmx.com\/nota\/wp-json\/wp\/v2\/types\/post"}],"author":[{"embeddable":true,"href":"https:\/\/radiowebmx.com\/nota\/wp-json\/wp\/v2\/users\/2"}],"replies":[{"embeddable":true,"href":"https:\/\/radiowebmx.com\/nota\/wp-json\/wp\/v2\/comments?post=53530"}],"version-history":[{"count":1,"href":"https:\/\/radiowebmx.com\/nota\/wp-json\/wp\/v2\/posts\/53530\/revisions"}],"predecessor-version":[{"id":53532,"href":"https:\/\/radiowebmx.com\/nota\/wp-json\/wp\/v2\/posts\/53530\/revisions\/53532"}],"wp:featuredmedia":[{"embeddable":true,"href":"https:\/\/radiowebmx.com\/nota\/wp-json\/wp\/v2\/media\/53531"}],"wp:attachment":[{"href":"https:\/\/radiowebmx.com\/nota\/wp-json\/wp\/v2\/media?parent=53530"}],"wp:term":[{"taxonomy":"category","embeddable":true,"href":"https:\/\/radiowebmx.com\/nota\/wp-json\/wp\/v2\/categories?post=53530"},{"taxonomy":"post_tag","embeddable":true,"href":"https:\/\/radiowebmx.com\/nota\/wp-json\/wp\/v2\/tags?post=53530"}],"curies":[{"name":"wp","href":"https:\/\/api.w.org\/{rel}","templated":true}]}}