{"id":53527,"date":"2018-05-24T18:45:42","date_gmt":"2018-05-24T23:45:42","guid":{"rendered":"https:\/\/radiowebmx.com\/nota\/?p=53527"},"modified":"2018-05-25T10:50:46","modified_gmt":"2018-05-25T15:50:46","slug":"en-mi-gobierno-respeto-irrestricto-a-la-labor-periodistica-silvano-aureoles","status":"publish","type":"post","link":"https:\/\/radiowebmx.com\/nota\/en-mi-gobierno-respeto-irrestricto-a-la-labor-periodistica-silvano-aureoles\/","title":{"rendered":"En mi Gobierno, respeto irrestricto a la labor period\u00edstica: Silvano Aureoles"},"content":{"rendered":"<p><img loading=\"lazy\" decoding=\"async\" class=\"\" src=\"http:\/\/michoacan.gob.mx\/wp-content\/uploads\/2018\/05\/99f536ae-db3c-4dc2-8e26-0acfcab9eed9.jpg\" width=\"398\" height=\"265\" \/><\/p>\n<ul>\n<li><strong>Preside el Gobernador Constitucional Silvano Aureoles el 92 Aniversario del Natalicio del Periodista Manuel Buend\u00eda Tellez Gir\u00f3n, en compa\u00f1\u00eda de la titular de la CGCS, Julieta L\u00f3pez.<\/strong><\/li>\n<\/ul>\n<p><strong>Zit\u00e1cuaro, Michoac\u00e1n, a 24 de mayo de 2018.-<\/strong>\u00a0La libertad de expresi\u00f3n y el derecho a informar son principios constitucionales que el Gobierno de Michoac\u00e1n hace y seguir\u00e1 haciendo valer de forma irrestricta, porque eso fortalece nuestro sistema institucional y democr\u00e1tico, pero tambi\u00e9n nos fortalece como sociedad.<\/p>\n<p>As\u00ed lo expres\u00f3 el Gobernador Constitucional Silvano Aureoles Conejo, al presidir esta ma\u00f1ana en Zit\u00e1cuaro el 92 aniversario del natalicio del periodista Manuel Buend\u00eda Tellez Gir\u00f3n, en compa\u00f1\u00eda de la titular de la Coordinaci\u00f3n General de Comunicaci\u00f3n Social, Julieta L\u00f3pez Bautista.<\/p>\n<p>\u201cLos medios de comunicaci\u00f3n son un factor importante para la gobernabilidad y el bienestar, y un v\u00ednculo de la mayor relevancia con la sociedad\u201d, afirm\u00f3.<\/p>\n<p>El mandatario estatal destac\u00f3 la importancia de honrar la memoria de quien fuera el periodista m\u00e1s influyente de M\u00e9xico hace m\u00e1s de tres d\u00e9cadas, y quien ten\u00eda ese esp\u00edritu cr\u00edtico y la claridad de pensamiento caracter\u00edstico de las michoacanas y los michoacanos.<\/p>\n<p>Por ello, manifest\u00f3 su reconocimiento a la labor de periodistas y comunicadores, entre ellos quienes integran el Club de Periodistas \u201cManuel Buend\u00eda Tellez Gir\u00f3n\u201d en esta regi\u00f3n del Oriente michoacano, con quienes el Gobierno estatal ha trabajado a favor de la profesionalizaci\u00f3n y capacitaci\u00f3n.<\/p>\n<p>El titular del Ejecutivo Estatal se sum\u00f3 a la petici\u00f3n del Club de Periodistas, de nombrar \u201cManuel Buend\u00eda Tellez Gir\u00f3n\u201d al tramo carretero que va del monumento a Ignacio L\u00f3pez Ray\u00f3n hasta el llamado Puente de Fierro en esta localidad, como un homenaje al periodista zitacuarense.<\/p>\n<p>Tambi\u00e9n ofreci\u00f3 atender la petici\u00f3n del club de periodistas, para establecer una premiaci\u00f3n en el manejo de los diferentes g\u00e9neros y vertientes del periodismo como parte de las actividades en cada aniversario del natalicio de Manuel Buend\u00eda.<\/p>\n<p>\u201cLa persistencia de muchos y muchas periodistas y de la sociedad organizada contribuy\u00f3 a sacar de la sombra al poder p\u00fablico, con lo que se consigui\u00f3 que la transparencia y rendici\u00f3n de cuentas fueran indisociables para el ejercicio de Gobierno\u201d, reconoci\u00f3 Aureoles Conejo.<\/p>\n<p>Finalmente, llam\u00f3 a Poderes p\u00fablicos, las y los periodistas a sumar esfuerzos para alcanzar la meta de todas y todos los michoacanos para mantener una sociedad bien informada, con m\u00e1s y mejores oportunidades para transitar hacia el bienestar.<\/p>\n<p>En su participaci\u00f3n, el presidente del Club, Ren\u00e9 Serrano Garc\u00eda, reconoci\u00f3 a nombre de las y los integrantes del mismo que la libertad de expresi\u00f3n es caracter\u00edstica del Gobierno que encabeza Aureoles Conejo, quien adem\u00e1s es el segundo Gobernador en acompa\u00f1arlos y acompa\u00f1arlas en este acto.<\/p>\n<p>Refiri\u00f3 que Buend\u00eda T\u00e9llez Gir\u00f3n es el ejemplo de c\u00f3mo se trabaja el periodismo de investigaci\u00f3n, pues dedic\u00f3 toda su vida a denunciar las irregularidades en todos los \u00e1mbitos de la vida p\u00fablica, plasmados en trabajos de trascendencia que abonaron a la democracia del estado y el pa\u00eds, v\u00eda que deben seguir los y las periodistas y comunicadores de la actualidad.<\/p>\n<p>En el marco de este aniversario, el mandatario estatal realiz\u00f3 la entrega de reconocimientos e incentivos en efectivo a las y los ganadores del concurso de fotograf\u00eda, organizado como parte de las actividades por el aniversario del natalicio del periodista zitacuarense.<\/p>\n<p>Sarahy Esmeralda Vald\u00e9s Garfias, fue la acreedora del tercer lugar, mientras que Sara Ang\u00e9lica Arismendi Orihuela obtuvo el segundo lugar y para el primer lugar se determin\u00f3 que fuera Juan Vladimir P\u00e9rez G\u00f3mez; finalmente, Paulino Santill\u00e1n Reyes tambi\u00e9n recibi\u00f3 un reconocimiento.<\/p>\n<p>El homenaje fue engalanado con la participaci\u00f3n musical de Edwin Montes de Oca, adem\u00e1s de la participaci\u00f3n del alumno Jorge de Jes\u00fas Guill\u00e9n de Reyes, quien interpret\u00f3 una poes\u00eda alusiva al periodista homenajeado, titulada \u201cA Manuel Buend\u00eda\u201d del autor Ra\u00fal Sol\u00f3rzano.<\/p>\n<p>Al t\u00e9rmino del acto, autoridades y periodistas colocaron ofrendas florales y montaron guardia de honor en la estatua del zitacuarense, ubicada en el libramiento de este municipio.<\/p>\n<p>A este evento acudieron el presidente municipal de Zit\u00e1cuaro, Hugo Alberto Hern\u00e1ndez Su\u00e1rez; autoridades de los tres \u00f3rdenes de Gobierno; integrantes del Club de Periodistas \u201cManuel Buend\u00eda T\u00e9llez Gir\u00f3n\u201d; medios de comunicaci\u00f3n y p\u00fablico en general.<\/p>\n<p>&nbsp;<\/p>\n<p><img loading=\"lazy\" decoding=\"async\" class=\"\" src=\"http:\/\/michoacan.gob.mx\/wp-content\/uploads\/2018\/05\/6c751858-5b45-48ab-a0e8-390f8a34f585.jpg\" width=\"401\" height=\"267\" \/><\/p>\n<p>&nbsp;<\/p>\n<p><img loading=\"lazy\" decoding=\"async\" class=\"\" src=\"http:\/\/michoacan.gob.mx\/wp-content\/uploads\/2018\/05\/91e7bfe2-4747-41f3-b63f-0d2dd9b29453.jpg\" width=\"401\" height=\"267\" \/><\/p>\n","protected":false},"excerpt":{"rendered":"<p>Preside el Gobernador Constitucional Silvano Aureoles el 92 Aniversario del Natalicio del Periodista Manuel Buend\u00eda Tellez Gir\u00f3n, en compa\u00f1\u00eda de la titular de la CGCS, Julieta L\u00f3pez. Zit\u00e1cuaro, Michoac\u00e1n, a 24 de mayo de 2018.-\u00a0La libertad de expresi\u00f3n y el derecho a informar son principios constitucionales que el Gobierno de Michoac\u00e1n hace y seguir\u00e1 haciendo [&hellip;]<\/p>\n","protected":false},"author":2,"featured_media":53528,"comment_status":"closed","ping_status":"closed","sticky":false,"template":"","format":"standard","meta":{"footnotes":""},"categories":[14,3,60],"tags":[],"class_list":["post-53527","post","type-post","status-publish","format-standard","has-post-thumbnail","hentry","category-destacadas","category-gobierno-del-estado-de-michoacan","category-michoacan"],"_links":{"self":[{"href":"https:\/\/radiowebmx.com\/nota\/wp-json\/wp\/v2\/posts\/53527","targetHints":{"allow":["GET"]}}],"collection":[{"href":"https:\/\/radiowebmx.com\/nota\/wp-json\/wp\/v2\/posts"}],"about":[{"href":"https:\/\/radiowebmx.com\/nota\/wp-json\/wp\/v2\/types\/post"}],"author":[{"embeddable":true,"href":"https:\/\/radiowebmx.com\/nota\/wp-json\/wp\/v2\/users\/2"}],"replies":[{"embeddable":true,"href":"https:\/\/radiowebmx.com\/nota\/wp-json\/wp\/v2\/comments?post=53527"}],"version-history":[{"count":1,"href":"https:\/\/radiowebmx.com\/nota\/wp-json\/wp\/v2\/posts\/53527\/revisions"}],"predecessor-version":[{"id":53529,"href":"https:\/\/radiowebmx.com\/nota\/wp-json\/wp\/v2\/posts\/53527\/revisions\/53529"}],"wp:featuredmedia":[{"embeddable":true,"href":"https:\/\/radiowebmx.com\/nota\/wp-json\/wp\/v2\/media\/53528"}],"wp:attachment":[{"href":"https:\/\/radiowebmx.com\/nota\/wp-json\/wp\/v2\/media?parent=53527"}],"wp:term":[{"taxonomy":"category","embeddable":true,"href":"https:\/\/radiowebmx.com\/nota\/wp-json\/wp\/v2\/categories?post=53527"},{"taxonomy":"post_tag","embeddable":true,"href":"https:\/\/radiowebmx.com\/nota\/wp-json\/wp\/v2\/tags?post=53527"}],"curies":[{"name":"wp","href":"https:\/\/api.w.org\/{rel}","templated":true}]}}