{"id":53524,"date":"2018-05-25T10:45:29","date_gmt":"2018-05-25T15:45:29","guid":{"rendered":"https:\/\/radiowebmx.com\/nota\/?p=53524"},"modified":"2018-05-25T10:45:29","modified_gmt":"2018-05-25T15:45:29","slug":"hoy-estreno-nacional-de-la-voz-de-un-sueno-filme-que-promueve-riqueza-michoacana","status":"publish","type":"post","link":"https:\/\/radiowebmx.com\/nota\/hoy-estreno-nacional-de-la-voz-de-un-sueno-filme-que-promueve-riqueza-michoacana\/","title":{"rendered":"Hoy, estreno nacional de \u201cLa Voz de un Sue\u00f1o\u201d, filme que promueve riqueza michoacana"},"content":{"rendered":"<ul>\n<li><strong>Esta producci\u00f3n que da muestra de las riquezas naturales, hist\u00f3ricas y culturales de la entidad, y que fue grabado en diferentes escenarios de la regi\u00f3n Lacustre, llega a las salas de todo el pa\u00eds.<\/strong><\/li>\n<\/ul>\n<p><strong>Morelia, Michoac\u00e1n, a 25 de mayo de 2018.-<\/strong>\u00a0Para \u201ctocar\u201d los corazones del p\u00fablico michoacano y mexicano de tal manera que revalore la riqueza natural, cultural, tradiciones y patrimonio de nuestra entidad, hoy viernes llega a todas las salas de cine el filme \u201cLa Voz de un Sue\u00f1o\u201d.<\/p>\n<p>En esta pel\u00edcula que plasma la vida de la cantante uruapense, Roc\u00edo Vega, se proyectan diversos escenarios de la regi\u00f3n Lacustre del estado, que dan realce a todo lo que Michoac\u00e1n tiene por ofrecer.<\/p>\n<p>Adem\u00e1s, es obra de un realizador tambi\u00e9n michoacano, Ignacio Mart\u00ednez Casares, quien logr\u00f3 reunir a un elenco de primer nivel como Mar\u00eda Le\u00f3n, Salvador S\u00e1nchez, Axel Ricco, Adriana Paz, Patricia Reyes Sp\u00edndola, entre otros actores y actrices.<\/p>\n<p>La propia Roc\u00edo Vega, en quien se inspira la pel\u00edcula, comparti\u00f3 su agrado de ver materializado este sue\u00f1o, que adem\u00e1s la emociona \u201cporque podemos decirle al mundo entero que aqu\u00ed suceden cosas muy bellas, invitar a que vengan a disfrutar sus riquezas\u201d.<\/p>\n<p>Para la grabaci\u00f3n y promoci\u00f3n de este filme, se cont\u00f3 con el apoyo del Gobierno del Estado a trav\u00e9s de las secretar\u00edas de Cultura y Turismo, as\u00ed como la Coordinaci\u00f3n General de Comunicaci\u00f3n Social y a partir de este viernes, llega a todas las salas del pa\u00eds.<\/p>\n<p>Michoac\u00e1n, el alma de M\u00e9xico, cada vez \u201cenamora\u201d a m\u00e1s productores que voltean la mirada hacia el estado para rodar sus proyectos; s\u00f3lo en 2017 fueron ocho propuestas de pel\u00edculas y este a\u00f1o se prev\u00e9n otras m\u00e1s.<\/p>\n<p>Porque \u201ctodo sue\u00f1o necesita un impulso\u201d, \u00a1ven a Michoac\u00e1n y no te pierdas de \u201cLa Voz de un Sue\u00f1o\u201d!<\/p>\n<p>&nbsp;<\/p>\n<p><img loading=\"lazy\" decoding=\"async\" class=\"\" src=\"http:\/\/michoacan.gob.mx\/wp-content\/uploads\/2018\/05\/851c2076-2c93-4232-aa31-44eefba5bf9d.jpeg\" width=\"399\" height=\"599\" \/><\/p>\n","protected":false},"excerpt":{"rendered":"<p>Esta producci\u00f3n que da muestra de las riquezas naturales, hist\u00f3ricas y culturales de la entidad, y que fue grabado en diferentes escenarios de la regi\u00f3n Lacustre, llega a las salas de todo el pa\u00eds. Morelia, Michoac\u00e1n, a 25 de mayo de 2018.-\u00a0Para \u201ctocar\u201d los corazones del p\u00fablico michoacano y mexicano de tal manera que revalore [&hellip;]<\/p>\n","protected":false},"author":2,"featured_media":53525,"comment_status":"closed","ping_status":"closed","sticky":false,"template":"","format":"standard","meta":{"footnotes":""},"categories":[14,3,60],"tags":[],"class_list":["post-53524","post","type-post","status-publish","format-standard","has-post-thumbnail","hentry","category-destacadas","category-gobierno-del-estado-de-michoacan","category-michoacan"],"_links":{"self":[{"href":"https:\/\/radiowebmx.com\/nota\/wp-json\/wp\/v2\/posts\/53524","targetHints":{"allow":["GET"]}}],"collection":[{"href":"https:\/\/radiowebmx.com\/nota\/wp-json\/wp\/v2\/posts"}],"about":[{"href":"https:\/\/radiowebmx.com\/nota\/wp-json\/wp\/v2\/types\/post"}],"author":[{"embeddable":true,"href":"https:\/\/radiowebmx.com\/nota\/wp-json\/wp\/v2\/users\/2"}],"replies":[{"embeddable":true,"href":"https:\/\/radiowebmx.com\/nota\/wp-json\/wp\/v2\/comments?post=53524"}],"version-history":[{"count":1,"href":"https:\/\/radiowebmx.com\/nota\/wp-json\/wp\/v2\/posts\/53524\/revisions"}],"predecessor-version":[{"id":53526,"href":"https:\/\/radiowebmx.com\/nota\/wp-json\/wp\/v2\/posts\/53524\/revisions\/53526"}],"wp:featuredmedia":[{"embeddable":true,"href":"https:\/\/radiowebmx.com\/nota\/wp-json\/wp\/v2\/media\/53525"}],"wp:attachment":[{"href":"https:\/\/radiowebmx.com\/nota\/wp-json\/wp\/v2\/media?parent=53524"}],"wp:term":[{"taxonomy":"category","embeddable":true,"href":"https:\/\/radiowebmx.com\/nota\/wp-json\/wp\/v2\/categories?post=53524"},{"taxonomy":"post_tag","embeddable":true,"href":"https:\/\/radiowebmx.com\/nota\/wp-json\/wp\/v2\/tags?post=53524"}],"curies":[{"name":"wp","href":"https:\/\/api.w.org\/{rel}","templated":true}]}}