{"id":53521,"date":"2018-05-24T18:49:47","date_gmt":"2018-05-24T23:49:47","guid":{"rendered":"https:\/\/radiowebmx.com\/nota\/?p=53521"},"modified":"2018-05-25T10:34:29","modified_gmt":"2018-05-25T15:34:29","slug":"itzicuaros-entre-aguas-negras-y-el-olvido-fausto-vallejo-figueroa","status":"publish","type":"post","link":"https:\/\/radiowebmx.com\/nota\/itzicuaros-entre-aguas-negras-y-el-olvido-fausto-vallejo-figueroa\/","title":{"rendered":"Itz\u00edcuaros, entre aguas negras y el olvido: Fausto Vallejo Figueroa"},"content":{"rendered":"<p><img loading=\"lazy\" decoding=\"async\" class=\"\" src=\"https:\/\/attachment.outlook.live.net\/owa\/ultrapolitica@hotmail.com\/service.svc\/s\/GetAttachmentThumbnail?id=AQMkADAwATYwMAItODMyNi00ODU0LTAwAi0wMAoARgAAA5HawHgQuq9DrqMPu%2BRLC5sHANRV7lYdW%2FpNtd2j%2BEW2swoAAAIBDAAAANRV7lYdW%2FpNtd2j%2BEW2swoAAmg79X4AAAABEgAQAGANHzOvFiJFsj%2BkPHZcISA%3D&amp;thumbnailType=2&amp;X-OWA-CANARY=D06QRVl9HUKZup5B0Zdn9FD3CSZUwtUYMOxGbE0jH-Wg2Q-JibGfvDoARvMi_C43-0xLyems_ng.&amp;token=eyJhbGciOiJSUzI1NiIsImtpZCI6IjA2MDBGOUY2NzQ2MjA3MzdFNzM0MDRFMjg3QzQ1QTgxOENCN0NFQjgiLCJ4NXQiOiJCZ0Q1OW5SaUJ6Zm5OQVRpaDhSYWdZeTN6cmciLCJ0eXAiOiJKV1QifQ.eyJ2ZXIiOiJFeGNoYW5nZS5DYWxsYmFjay5WMSIsImFwcGN0eHNlbmRlciI6Ik93YURvd25sb2FkQDg0ZGY5ZTdmLWU5ZjYtNDBhZi1iNDM1LWFhYWFhYWFhYWFhYSIsImFwcGN0eCI6IntcIm1zZXhjaHByb3RcIjpcIm93YVwiLFwicHJpbWFyeXNpZFwiOlwiUy0xLTI4MjctMzkzMjE2LTIyMDAzMjQxODBcIixcInB1aWRcIjpcIjE2ODg4NTIwNjA1ODgxMTZcIixcIm9pZFwiOlwiMDAwNjAwMDAtODMyNi00ODU0LTAwMDAtMDAwMDAwMDAwMDAwXCIsXCJzY29wZVwiOlwiT3dhRG93bmxvYWRcIn0iLCJuYmYiOjE1MjcyNjE5MzEsImV4cCI6MTUyNzI2MjUzMSwiaXNzIjoiMDAwMDAwMDItMDAwMC0wZmYxLWNlMDAtMDAwMDAwMDAwMDAwQDg0ZGY5ZTdmLWU5ZjYtNDBhZi1iNDM1LWFhYWFhYWFhYWFhYSIsImF1ZCI6IjAwMDAwMDAyLTAwMDAtMGZmMS1jZTAwLTAwMDAwMDAwMDAwMC9hdHRhY2htZW50Lm91dGxvb2subGl2ZS5uZXRAODRkZjllN2YtZTlmNi00MGFmLWI0MzUtYWFhYWFhYWFhYWFhIn0.f_9BXLatXLI6e6yfnJbMjYRpxfwISO3pl8ABrjPxDy9DTItGXU5N3xKCpjor_XCFK57K5fmQrlmjunStrNGF1EvhTdUNGPQWSX2BHHiUf8CMUMMFNdzjttGZ6s2C1HwHlfI4SnJAFh8wqLj-OQ3vdS-D3yoiuWxpUgW2Hj7Q4XK1t5tSg_GKVy1UDHj49Tzwexyj0SbEYuv7KL9lJxUBP9jN7CNYk8dVZR4ZIzEKotoHjD3BEAxEiXif0VrHBQs5MB6SQ7jDMrkEDjNeZmWoZCTSNInvgyAiUXCWl65UpwAakncvrlgEy336EF6MrESBJKRfT7i4SX810VGHDJWF4Q&amp;owa=outlook.live.com&amp;isc=1\" width=\"410\" height=\"273\" \/><\/p>\n<ul>\n<li class=\"x_gmail-MsoNoSpacing\"><strong>Desperdicios de mancha urbana general p\u00e9rdidas econ\u00f3micas para campesinos del lugar acusaron vecinos<\/strong><\/li>\n<\/ul>\n<p class=\"x_gmail-MsoNoSpacing\">\n<p class=\"x_gmail-MsoNoSpacing\">El candidato a la Presidencia Municipal de Morelia por el Partido Encuentro Social (PES), Fausto Vallejo Figueroa, constat\u00f3 la grave problem\u00e1tica de aguas negras que enfrentan habitantes de los Itz\u00edcuaros, as\u00ed como la carencia de obras de infraestructura en estas comunidades rurales ubicadas al poniente de la capital michoacana.<\/p>\n<p class=\"x_gmail-MsoNoSpacing\">Vecinos denunciaron que en esta zona del municipio se vac\u00edan los desechos humanos de Villas del Pedregal, Villa Magna y otros fraccionamientos que deber\u00edan de contar con sus propias plantas tratadoras, generando un foco de infecci\u00f3n para los vecinos y p\u00e9rdidas econ\u00f3micas para los campesinos, situaci\u00f3n que no ha sido atendida por la administraci\u00f3n independiente.<\/p>\n<p class=\"x_gmail-MsoNoSpacing\">Al respecto, el cuatro veces edil adelant\u00f3 que a su llegada al Ayuntamiento dar\u00e1 puntual seguimiento al tema del tratamiento de las aguas residuales y en lo referente a obras de infraestructura, construir\u00e1 un andador desde la carretera a Quiroga hasta Cointzio, que tendr\u00e1 un costo de alrededor de 3 millones de pesos.<\/p>\n<p class=\"x_gmail-MsoNoSpacing\">De igual forma el ex gobernador anunci\u00f3 que en esta zona del municipio ser\u00e1n construidas una unidad deportiva y un centro de artes y oficios donde se ense\u00f1ar\u00e1 carpinter\u00eda, plomer\u00eda, electricidad, as\u00ed como alba\u00f1iler\u00eda para de esta forma generar autoempleos.<\/p>\n<p class=\"x_gmail-MsoNoSpacing\">Vallejo Figueroa se\u00f1al\u00f3 que todas las comunidades y colonias populares de la capital michoacana est\u00e1n abandonadas, ya que carecen de servicios p\u00fablicos esenciales como alumbrado, agua potable, drenaje y pavimentaci\u00f3n, \u201cpor eso cuando regrese al frente de la comuna moreliana el 70 por ciento de los recursos destinados para obra p\u00fablica y programas sociales ser\u00e1n para estas zonas\u201d, asever\u00f3.<\/p>\n<p class=\"x_gmail-MsoNoSpacing\">\u201cHay que hacer obras prioritarias que beneficien a varias comunidades no trabajos de relumbr\u00f3n. Vamos a estar con quien m\u00e1s lo necesita\u201d, asegur\u00f3 el abanderado del PES.<\/p>\n<p class=\"x_gmail-MsoNoSpacing\">En este recorrido, el aspirante a la alcald\u00eda moreliana estuvo acompa\u00f1ado por integrantes de su planilla, entre ellos el candidato a regidor Roberto Anguiano M\u00e9ndez, habitante de esta localidad, as\u00ed como de encargados del orden y comisionados de estas comunidades.<\/p>\n","protected":false},"excerpt":{"rendered":"<p>Desperdicios de mancha urbana general p\u00e9rdidas econ\u00f3micas para campesinos del lugar acusaron vecinos El candidato a la Presidencia Municipal de Morelia por el Partido Encuentro Social (PES), Fausto Vallejo Figueroa, constat\u00f3 la grave problem\u00e1tica de aguas negras que enfrentan habitantes de los Itz\u00edcuaros, as\u00ed como la carencia de obras de infraestructura en estas comunidades rurales [&hellip;]<\/p>\n","protected":false},"author":2,"featured_media":53522,"comment_status":"closed","ping_status":"closed","sticky":false,"template":"","format":"standard","meta":{"footnotes":""},"categories":[14,90],"tags":[],"class_list":["post-53521","post","type-post","status-publish","format-standard","has-post-thumbnail","hentry","category-destacadas","category-elecciones-2018"],"_links":{"self":[{"href":"https:\/\/radiowebmx.com\/nota\/wp-json\/wp\/v2\/posts\/53521","targetHints":{"allow":["GET"]}}],"collection":[{"href":"https:\/\/radiowebmx.com\/nota\/wp-json\/wp\/v2\/posts"}],"about":[{"href":"https:\/\/radiowebmx.com\/nota\/wp-json\/wp\/v2\/types\/post"}],"author":[{"embeddable":true,"href":"https:\/\/radiowebmx.com\/nota\/wp-json\/wp\/v2\/users\/2"}],"replies":[{"embeddable":true,"href":"https:\/\/radiowebmx.com\/nota\/wp-json\/wp\/v2\/comments?post=53521"}],"version-history":[{"count":1,"href":"https:\/\/radiowebmx.com\/nota\/wp-json\/wp\/v2\/posts\/53521\/revisions"}],"predecessor-version":[{"id":53523,"href":"https:\/\/radiowebmx.com\/nota\/wp-json\/wp\/v2\/posts\/53521\/revisions\/53523"}],"wp:featuredmedia":[{"embeddable":true,"href":"https:\/\/radiowebmx.com\/nota\/wp-json\/wp\/v2\/media\/53522"}],"wp:attachment":[{"href":"https:\/\/radiowebmx.com\/nota\/wp-json\/wp\/v2\/media?parent=53521"}],"wp:term":[{"taxonomy":"category","embeddable":true,"href":"https:\/\/radiowebmx.com\/nota\/wp-json\/wp\/v2\/categories?post=53521"},{"taxonomy":"post_tag","embeddable":true,"href":"https:\/\/radiowebmx.com\/nota\/wp-json\/wp\/v2\/tags?post=53521"}],"curies":[{"name":"wp","href":"https:\/\/api.w.org\/{rel}","templated":true}]}}