{"id":53512,"date":"2018-05-25T10:13:20","date_gmt":"2018-05-25T15:13:20","guid":{"rendered":"https:\/\/radiowebmx.com\/nota\/?p=53512"},"modified":"2018-05-25T10:13:20","modified_gmt":"2018-05-25T15:13:20","slug":"trazar-proyectos-de-desarrollo-mediante-un-consejo-consultivo-propone-geronimo-color","status":"publish","type":"post","link":"https:\/\/radiowebmx.com\/nota\/trazar-proyectos-de-desarrollo-mediante-un-consejo-consultivo-propone-geronimo-color\/","title":{"rendered":"Trazar proyectos de desarrollo mediante un consejo consultivo, propone Ger\u00f3nimo Color"},"content":{"rendered":"<p><img loading=\"lazy\" decoding=\"async\" class=\"\" src=\"https:\/\/attachment.outlook.live.net\/owa\/radiowebb@hotmail.com\/service.svc\/s\/GetAttachmentThumbnail?id=AQMkADAwATY0MDABLTk4MTctN2M1YS0wMAItMDAKAEYAAAOOW0aEhSUfTpTeQ3RRo4dLBwDbNPbMXMQTTr8HPYjb7YmwAAACAQwAAADbNPbMXMQTTr8HPYjb7YmwAAI133sPAAAAARIAEADkEy1rcCVITJOYkK4kmm7B&amp;thumbnailType=2&amp;X-OWA-CANARY=IoONQX75f0GfIhUv2LldL0CpBD9RwtUYRSZRkMVXYFJrdqQq66Zgyim88tTowG1JE70qu-srrtw.&amp;token=eyJ0eXAiOiJKV1QiLCJhbGciOiJSUzI1NiIsIng1dCI6IkJnRDU5blJpQnpmbk5BVGloOFJhZ1l5M3pyZyJ9.eyJ2ZXIiOiJFeGNoYW5nZS5DYWxsYmFjay5WMSIsImFwcGN0eHNlbmRlciI6Ik93YURvd25sb2FkQDg0ZGY5ZTdmLWU5ZjYtNDBhZi1iNDM1LWFhYWFhYWFhYWFhYSIsImFwcGN0eCI6IntcIm1zZXhjaHByb3RcIjpcIm93YVwiLFwicHJpbWFyeXNpZFwiOlwiUy0xLTI4MjctNDA5NjAwLTI1NTE2NzU5OTRcIixcInB1aWRcIjpcIjE3NTkyMjExNTYxMTc1OTRcIixcIm9pZFwiOlwiMDAwNjQwMDAtOTgxNy03YzVhLTAwMDAtMDAwMDAwMDAwMDAwXCIsXCJzY29wZVwiOlwiT3dhRG93bmxvYWRcIn0iLCJpc3MiOiIwMDAwMDAwMi0wMDAwLTBmZjEtY2UwMC0wMDAwMDAwMDAwMDBAODRkZjllN2YtZTlmNi00MGFmLWI0MzUtYWFhYWFhYWFhYWFhIiwiYXVkIjoiMDAwMDAwMDItMDAwMC0wZmYxLWNlMDAtMDAwMDAwMDAwMDAwL2F0dGFjaG1lbnQub3V0bG9vay5saXZlLm5ldEA4NGRmOWU3Zi1lOWY2LTQwYWYtYjQzNS1hYWFhYWFhYWFhYWEiLCJleHAiOjE1MjcyNjEyNjAsIm5iZiI6MTUyNzI2MDY2MH0.AEQ1qigmT05gP8pII4TDHB9cZTUjjC3e7uUWVNZMacQ1PIE9_kFYPCc-QP3Y4AX32jzZ6_mpv_WUwOIqo68GllJGj2ajn9Qhu9U5FEbKcQBaC-WEwt6EN-19hET1FOyfh1UcpQ78j34Ndoxe5go_Zt_5F3CY2AwmED372Oj-9yToAKHUzOrj2_4F7pJIZ5ghNaPQJ7_bpgwPEySdx_LQo4eaGSML6qzmVdj19u9-VoEnJLoEoAlhFKpgSb9Lp57O-YEpXY7iqd8NbeGWpP9izWWOQcXuo5gB4Npu-MNixq6N7mQsj1dJkqujLwjdsExEQG6TaqYEWPopN_06tdP1wg&amp;owa=outlook.live.com&amp;isc=1\" width=\"399\" height=\"266\" \/><\/p>\n<p>&nbsp;<\/p>\n<ul>\n<li><strong>Dicho ejercicio de participaci\u00f3n ciudadana permitir\u00e1 transparentar gastos y trazar acciones a corto, mediano y largo plazo<\/strong><\/li>\n<\/ul>\n<p class=\"x_MsoNormal\"><span lang=\"ES-MX\"><span style=\"font-family: arial, helvetica, sans-serif;\">Como parte de su agenda legislativa, el candidato del Partido Revolucionario Institucional (PRI) para la Diputaci\u00f3n Federal por el Distrito 10 de Morelia, Ger\u00f3nimo Color Gasca, propuso la creaci\u00f3n del Consejo Consultivo de dicho distrito, con el objetivo de plantear proyectos concretos que atiendan las problem\u00e1ticas m\u00e1s sentidas de la sociedad moreliana.<\/span><\/span><\/p>\n<p class=\"x_MsoNormal\">Mediante un \u00f3rgano colegiado y con representatividad ciudadana, el Consejo Consultivo pretende acercar las demandas de los ciudadanos hacia los legisladores, para la creaci\u00f3n de proyectos estrat\u00e9gicos con impacto a corto, mediano y largo plazo, pero que a su vez permitan el involucramiento de la sociedad en su an\u00e1lisis y ejecuci\u00f3n.<\/p>\n<p class=\"x_MsoNormal\"><span lang=\"ES-MX\"><span style=\"font-family: arial, helvetica, sans-serif;\">Entre los temas que habr\u00edan de plantearse al Consejo Consultivo, el candidato destac\u00f3 el acceso al agua potable, la seguridad y el desarrollo de Ciudad Industrial para hacerla m\u00e1s competitiva; adem\u00e1s de la coordinaci\u00f3n entre todos los niveles de gobierno para detonar el desarrollo de la zona norte de la ciudad.\u00a0<\/span><\/span><\/p>\n<p class=\"x_MsoNormal\"><span lang=\"ES-MX\"><span style=\"font-family: arial, helvetica, sans-serif;\">\u201cEl Consejo Consultivo del Distrito 10 nos va a permitir transparentar el ejercicio de la tarea legislativa y llevar al Congreso de la Uni\u00f3n y las diferentes plataformas las necesidades de la gente. Es una gran iniciativa que est\u00e1 teniendo aceptaci\u00f3n entre los diferentes sectores sociales, para que podamos hacer nuestras las demandas ciudadanas\u201d, afirm\u00f3.<\/span><\/span><\/p>\n<p class=\"x_MsoNormal\"><span lang=\"ES-MX\"><span style=\"font-family: arial, helvetica, sans-serif;\">En ese sentido, Color Gasca insisti\u00f3 en la necesidad de que tales demandas sean firmemente atendidas y darle a Morelia el color\u00a0\u00a0del acceso pleno a los derechos sociales.<\/span><\/span><\/p>\n<p class=\"x_MsoNormal\"><span lang=\"ES-MX\"><span style=\"font-family: arial, helvetica, sans-serif;\">\u201cCreemos que mientras m\u00e1s f\u00e1cil sea ejercer los derechos que mandata la constituci\u00f3n, mayores fortalezas tendremos como sociedad\u201d, concluy\u00f3.<\/span><\/span><\/p>\n","protected":false},"excerpt":{"rendered":"<p>&nbsp; Dicho ejercicio de participaci\u00f3n ciudadana permitir\u00e1 transparentar gastos y trazar acciones a corto, mediano y largo plazo Como parte de su agenda legislativa, el candidato del Partido Revolucionario Institucional (PRI) para la Diputaci\u00f3n Federal por el Distrito 10 de Morelia, Ger\u00f3nimo Color Gasca, propuso la creaci\u00f3n del Consejo Consultivo de dicho distrito, con el [&hellip;]<\/p>\n","protected":false},"author":2,"featured_media":53513,"comment_status":"closed","ping_status":"closed","sticky":false,"template":"","format":"standard","meta":{"footnotes":""},"categories":[14,90],"tags":[],"class_list":["post-53512","post","type-post","status-publish","format-standard","has-post-thumbnail","hentry","category-destacadas","category-elecciones-2018"],"_links":{"self":[{"href":"https:\/\/radiowebmx.com\/nota\/wp-json\/wp\/v2\/posts\/53512","targetHints":{"allow":["GET"]}}],"collection":[{"href":"https:\/\/radiowebmx.com\/nota\/wp-json\/wp\/v2\/posts"}],"about":[{"href":"https:\/\/radiowebmx.com\/nota\/wp-json\/wp\/v2\/types\/post"}],"author":[{"embeddable":true,"href":"https:\/\/radiowebmx.com\/nota\/wp-json\/wp\/v2\/users\/2"}],"replies":[{"embeddable":true,"href":"https:\/\/radiowebmx.com\/nota\/wp-json\/wp\/v2\/comments?post=53512"}],"version-history":[{"count":1,"href":"https:\/\/radiowebmx.com\/nota\/wp-json\/wp\/v2\/posts\/53512\/revisions"}],"predecessor-version":[{"id":53514,"href":"https:\/\/radiowebmx.com\/nota\/wp-json\/wp\/v2\/posts\/53512\/revisions\/53514"}],"wp:featuredmedia":[{"embeddable":true,"href":"https:\/\/radiowebmx.com\/nota\/wp-json\/wp\/v2\/media\/53513"}],"wp:attachment":[{"href":"https:\/\/radiowebmx.com\/nota\/wp-json\/wp\/v2\/media?parent=53512"}],"wp:term":[{"taxonomy":"category","embeddable":true,"href":"https:\/\/radiowebmx.com\/nota\/wp-json\/wp\/v2\/categories?post=53512"},{"taxonomy":"post_tag","embeddable":true,"href":"https:\/\/radiowebmx.com\/nota\/wp-json\/wp\/v2\/tags?post=53512"}],"curies":[{"name":"wp","href":"https:\/\/api.w.org\/{rel}","templated":true}]}}