{"id":53503,"date":"2018-05-24T14:21:32","date_gmt":"2018-05-24T19:21:32","guid":{"rendered":"https:\/\/radiowebmx.com\/nota\/?p=53503"},"modified":"2018-05-24T14:21:32","modified_gmt":"2018-05-24T19:21:32","slug":"el-pri-debera-ganarme-en-las-urnas-constantino-ortiz","status":"publish","type":"post","link":"https:\/\/radiowebmx.com\/nota\/el-pri-debera-ganarme-en-las-urnas-constantino-ortiz\/","title":{"rendered":"El PRI deber\u00e1 ganarme en las urnas: Constantino Ortiz"},"content":{"rendered":"<p><span style=\"color: #000000; font-family: Calibri; font-size: medium;\">Una vez que la Sala Regional del Tribunal Electoral del Poder Judicial de la Federaci\u00f3n, con sede en Toluca, ratific\u00f3 su candidatura por el Partido Verde Ecologista de M\u00e9xico (PVEM) para la Presidencia de Morelia, Constantino Ortiz, respondi\u00f3 al Partido Revolucionario Institucional (PRI) que es en las urnas donde debe ganarle el pr\u00f3ximo 1\u00b0 de julio.<\/span><\/p>\n<p><span style=\"color: #000000; font-family: Calibri; font-size: medium;\">Esta tarde, en sesi\u00f3n, los magistrados del TEPJF secundaron por unanimidad el resolutivo que el pasado 9 de mayo emiti\u00f3 el<\/span><span style=\"color: #000000; font-family: Calibri; font-size: medium;\">\u00a0<\/span><span style=\"color: #000000; font-family: Calibri; font-size: medium;\">Tribunal Electoral del Estado de Michoac\u00e1n (TEEM), en el que dio la raz\u00f3n al empresario en la b\u00fasqueda del gobierno municipal y con el que desech\u00f3 los argumentos de impugnaci\u00f3n que el tricolor present\u00f3 para intentar echar abajo su proyecto.<\/span><\/p>\n<p><span style=\"color: #000000; font-family: Calibri; font-size: medium;\">Lo anterior indica que la candidatura de Constantino Ortiz est\u00e1 m\u00e1s s\u00f3lida que nunca, luego de que dos tribunales, primero el estatal y despu\u00e9s el federal, aprobaran su continuidad en la contienda, en la b\u00fasqueda del \u201cvoto verde\u201d de los morelianos.\u00a0<\/span><span style=\"color: #000000; font-family: Calibri; font-size: medium;\">\u00a0<\/span><span style=\"color: #000000; font-family: Calibri; font-size: medium;\">\u00a0<\/span><span style=\"color: #000000; font-family: Calibri; font-size: medium;\">\u00a0<\/span><\/p>\n<p><span style=\"color: #000000; font-family: Calibri; font-size: medium;\">Por este resolutivo, Constantino Ortiz se declar\u00f3 complacido de que el PRI haya recurrido en dos ocasiones al recurso de impugnaci\u00f3n para intentar quitarle lo que conforme a la ley logr\u00f3 en este proceso electoral, con lo que ese partido \u201creconoce que nosotros tenemos el mejor proyecto para gobernar el municipio, as\u00ed como las preferencias de los ciudadanos por encima de lo que ellos ofrecen\u201d.<\/span><span style=\"color: #000000; font-family: Calibri; font-size: medium;\">\u00a0<\/span><\/p>\n<p><span style=\"color: #000000; font-family: Calibri; font-size: medium;\">El candidato llam\u00f3 a los morelianos a votar por su propuesta bajo el lema \u201cT\u00fa decides el cambio\u201d, porque es la \u00fanica opci\u00f3n para llegar a las expectativas \u201cque todos tenemos y que son urgentes en materia de desarrollo econ\u00f3mico y generaci\u00f3n de empleos, as\u00ed como en seguridad, infraestructura y combate a la corrupci\u00f3n\u201d.\u00a0<\/span><span style=\"color: #000000; font-family: Calibri; font-size: medium;\">\u00a0<\/span><span style=\"color: #000000; font-family: Calibri; font-size: medium;\">\u00a0<\/span><span style=\"color: #000000; font-family: Calibri; font-size: medium;\">\u00a0<\/span><\/p>\n<p><span style=\"color: #000000; font-family: Calibri; font-size: medium;\">Finalmente, se declar\u00f3 \u201clisto para continuar con el trabajo a favor del proyecto de nuestro candidato a la Presidencia de la Rep\u00fablica, Jos\u00e9 Antonio Meade, a pesar de que el PRI en Michoac\u00e1n se empe\u00f1e en entorpecer la campa\u00f1a de quienes estamos haciendo trabajo convencido de que es el hombre m\u00e1s preparado para gobernar el pa\u00eds\u201d.<\/span><\/p>\n","protected":false},"excerpt":{"rendered":"<p>Una vez que la Sala Regional del Tribunal Electoral del Poder Judicial de la Federaci\u00f3n, con sede en Toluca, ratific\u00f3 su candidatura por el Partido Verde Ecologista de M\u00e9xico (PVEM) para la Presidencia de Morelia, Constantino Ortiz, respondi\u00f3 al Partido Revolucionario Institucional (PRI) que es en las urnas donde debe ganarle el pr\u00f3ximo 1\u00b0 de [&hellip;]<\/p>\n","protected":false},"author":2,"featured_media":53504,"comment_status":"closed","ping_status":"closed","sticky":false,"template":"","format":"standard","meta":{"footnotes":""},"categories":[14,90],"tags":[],"class_list":["post-53503","post","type-post","status-publish","format-standard","has-post-thumbnail","hentry","category-destacadas","category-elecciones-2018"],"_links":{"self":[{"href":"https:\/\/radiowebmx.com\/nota\/wp-json\/wp\/v2\/posts\/53503","targetHints":{"allow":["GET"]}}],"collection":[{"href":"https:\/\/radiowebmx.com\/nota\/wp-json\/wp\/v2\/posts"}],"about":[{"href":"https:\/\/radiowebmx.com\/nota\/wp-json\/wp\/v2\/types\/post"}],"author":[{"embeddable":true,"href":"https:\/\/radiowebmx.com\/nota\/wp-json\/wp\/v2\/users\/2"}],"replies":[{"embeddable":true,"href":"https:\/\/radiowebmx.com\/nota\/wp-json\/wp\/v2\/comments?post=53503"}],"version-history":[{"count":1,"href":"https:\/\/radiowebmx.com\/nota\/wp-json\/wp\/v2\/posts\/53503\/revisions"}],"predecessor-version":[{"id":53505,"href":"https:\/\/radiowebmx.com\/nota\/wp-json\/wp\/v2\/posts\/53503\/revisions\/53505"}],"wp:featuredmedia":[{"embeddable":true,"href":"https:\/\/radiowebmx.com\/nota\/wp-json\/wp\/v2\/media\/53504"}],"wp:attachment":[{"href":"https:\/\/radiowebmx.com\/nota\/wp-json\/wp\/v2\/media?parent=53503"}],"wp:term":[{"taxonomy":"category","embeddable":true,"href":"https:\/\/radiowebmx.com\/nota\/wp-json\/wp\/v2\/categories?post=53503"},{"taxonomy":"post_tag","embeddable":true,"href":"https:\/\/radiowebmx.com\/nota\/wp-json\/wp\/v2\/tags?post=53503"}],"curies":[{"name":"wp","href":"https:\/\/api.w.org\/{rel}","templated":true}]}}