{"id":53499,"date":"2018-05-24T14:20:20","date_gmt":"2018-05-24T19:20:20","guid":{"rendered":"https:\/\/radiowebmx.com\/nota\/?p=53499"},"modified":"2018-05-24T14:20:20","modified_gmt":"2018-05-24T19:20:20","slug":"compromete-cocoa-calderon-apoyo-a-canaco-servytur-y-organismos-empresariales","status":"publish","type":"post","link":"https:\/\/radiowebmx.com\/nota\/compromete-cocoa-calderon-apoyo-a-canaco-servytur-y-organismos-empresariales\/","title":{"rendered":"Compromete Cocoa Calder\u00f3n apoyo a CANACO Servytur y Organismos Empresariales"},"content":{"rendered":"<p><img loading=\"lazy\" decoding=\"async\" class=\"\" src=\"https:\/\/attachment.outlook.live.net\/owa\/ultrapolitica@hotmail.com\/service.svc\/s\/GetAttachmentThumbnail?id=AQMkADAwATYwMAItODMyNi00ODU0LTAwAi0wMAoARgAAA5HawHgQuq9DrqMPu%2BRLC5sHANRV7lYdW%2FpNtd2j%2BEW2swoAAAIBDAAAANRV7lYdW%2FpNtd2j%2BEW2swoAAmg79WsAAAABEgAQAFfEa7MD28NBlEuke1zlAY8%3D&amp;thumbnailType=2&amp;X-OWA-CANARY=2WrTI-4iDkaGMVcQownDHQCk9NSqwdUYhnxktdeeHmKekXN4Wfa5QwGCg4cCC36E3Sdef8glORs.&amp;token=eyJhbGciOiJSUzI1NiIsImtpZCI6IjA2MDBGOUY2NzQ2MjA3MzdFNzM0MDRFMjg3QzQ1QTgxOENCN0NFQjgiLCJ4NXQiOiJCZ0Q1OW5SaUJ6Zm5OQVRpaDhSYWdZeTN6cmciLCJ0eXAiOiJKV1QifQ.eyJ2ZXIiOiJFeGNoYW5nZS5DYWxsYmFjay5WMSIsImFwcGN0eHNlbmRlciI6Ik93YURvd25sb2FkQDg0ZGY5ZTdmLWU5ZjYtNDBhZi1iNDM1LWFhYWFhYWFhYWFhYSIsImFwcGN0eCI6IntcIm1zZXhjaHByb3RcIjpcIm93YVwiLFwicHJpbWFyeXNpZFwiOlwiUy0xLTI4MjctMzkzMjE2LTIyMDAzMjQxODBcIixcInB1aWRcIjpcIjE2ODg4NTIwNjA1ODgxMTZcIixcIm9pZFwiOlwiMDAwNjAwMDAtODMyNi00ODU0LTAwMDAtMDAwMDAwMDAwMDAwXCIsXCJzY29wZVwiOlwiT3dhRG93bmxvYWRcIn0iLCJuYmYiOjE1MjcxODkzNjcsImV4cCI6MTUyNzE4OTk2NywiaXNzIjoiMDAwMDAwMDItMDAwMC0wZmYxLWNlMDAtMDAwMDAwMDAwMDAwQDg0ZGY5ZTdmLWU5ZjYtNDBhZi1iNDM1LWFhYWFhYWFhYWFhYSIsImF1ZCI6IjAwMDAwMDAyLTAwMDAtMGZmMS1jZTAwLTAwMDAwMDAwMDAwMC9hdHRhY2htZW50Lm91dGxvb2subGl2ZS5uZXRAODRkZjllN2YtZTlmNi00MGFmLWI0MzUtYWFhYWFhYWFhYWFhIn0.RQBYKDHOpZgi0t9rVhCHpqdf33jHCig2pxOW5ESWvYEh8DjcFwxHE2riWHRriA7nGSgOAguunZ6Dr6_44MhC2LKZSsTIA0Nm1YZCTFR_-OGEKVNGs_vaTg_vp7g3pqUSfMPB1k6Py1CqJjJ5etHwttCCvZ6xqkZukL2zZq2lpHM_6nX8cZ42kVNDu6EbLwk-LCAX71WmmkmiE2vQgCzzAPV6FWFThRy-ON06siJKLwo6LNz9BMXo4_cWGdCThK80tGCDCbZ2mdUMAJWwJ-7_YTq5WSQ-ejHGqknE7lCZ31aGpBTFcxMFiKKdjqYdfKlgbZUspMNJqCYGTjsuzDT-UA&amp;owa=outlook.live.com&amp;isc=1\" width=\"399\" height=\"266\" \/><\/p>\n<ul>\n<li class=\"x_m_-6614962718873591838m_-8862249965561321164gmail-MsoListParagraph\"><strong>Compromete Cocoa Calder\u00f3n di\u00e1logo con c\u00e1maras empresariales para discusi\u00f3n del Paquete Fiscal y Presupuesto de Egresos de la Federaci\u00f3n una vez que asuma la Diputaci\u00f3n Federal.\u00a0<\/strong><\/li>\n<\/ul>\n<p class=\"x_MsoNormal\"><i>Morelia, Michoac\u00e1n a 25 de mayo de 2018<\/i>. Ante la mesa directiva y socios de la C\u00e1mara Nacional de Comercio, Servicios y Turismo de Morelia (CANACO Servytur), Luisa Mar\u00eda Calder\u00f3n Hinojosa \u201cCocoa\u201d Candidata Independiente a Diputada Federal por el distrito federal 10 de Morelia, present\u00f3 su plataforma de propuestas, ah\u00ed se comprometi\u00f3,\u00a0\u00a0a incluir a dicha c\u00e1mara empresarial y a Organizaciones de la Sociedad Civil a una mesa de di\u00e1logo para cuando se discuta el Presupuesto de Egresos de la Federaci\u00f3n as\u00ed como el Paquete Fiscal del pr\u00f3ximo a\u00f1o.<\/p>\n<p class=\"x_MsoNormal\">La candidata Independiente expuso la importancia que ejercen los Diputados Federales en el trabajo legislativo as\u00ed como en la aprobaci\u00f3n del recurso p\u00fablico, dado que ellos tienen la competencia de auditar el dinero p\u00fablico, y en este sentido se\u00f1al\u00f3 que una vez que asuma la Diputaci\u00f3n Federal convocar\u00e1 a las C\u00e1maras Empresariales del Estado as\u00ed como a Organizaciones de la Sociedad Civil y Ciudadanos para discutir con ellos el Paquete Fiscal y el Presupuesto de Egresos de la Federaci\u00f3n, pues son dichos organismos y c\u00e1maras quienes reciben o no el apoyo y pueden o no crecer en la actividad en la que est\u00e1n comprometidos con sus agremiados.<\/p>\n<p class=\"x_MsoNormal\">Por otra parte, Calder\u00f3n Hinojosa se\u00f1al\u00f3 la importancia de la vigilancia y seguimiento a los funcionarios p\u00fablicos, \u201cno solo se trata de votar, se trata de que los ciudadanos nos vigilen, nos pidan cuentas,\u00a0\u00a0y en este sentido lo que yo propongo para incentivar la participaci\u00f3n ciudadana y dar seguimiento al trabajo de los pol\u00edticos y al dinero p\u00fablico es la creaci\u00f3n de observatorios ciudadanos, y propongo que lo hagan las Universidades, y que a las Universidades se sumen los Organismos, C\u00e1maras Empresariales y Ciudadanos. De cualquier manera la sanci\u00f3n que nos ponga la ciudadan\u00eda a partir de auditar nuestro trabajo, es muy importante\u201d.<\/p>\n<p class=\"x_MsoNormal\">As\u00ed mismo, se comprometi\u00f3 a aumentar el presupuesto para el Turismo, y se\u00f1al\u00f3 que este recurso tiene que ir acompa\u00f1ado de una Legislaci\u00f3n acorde a las caracter\u00edsticas de Morelia y agreg\u00f3 \u201c por supuesto que tiene que mejorar el presupuesto para Morelia, pero tiene que acompa\u00f1arse de algo adicional; es decir, existe por ejemplo la Ley de Ordenamiento Territorial, hablando de nuestro Centro Hist\u00f3rico, que es una nueva Ley y que nace de una nueva tendencia mundial, que tiene que ver con el Derecho a la Ciudad, y que tiene como encargo volver a poblar los centros de las ciudades, y creo que al rededor de esa Ley tendremos que ir construyendo, sobre los recursos que tiene que haber para desarrollar la econom\u00eda, un presupuesto derivado a empresas tur\u00edsticas y cultural, tendremos que aumentar el presupuesto para haya mayor trabajo y mayores recursos\u201d.<\/p>\n<p class=\"x_MsoNormal\">Finalmente, ante integrantes de CANACO expres\u00f3 que como Coordinadora del Frente Parlamentario contra el Hambre de Am\u00e9rica Latina y el Caribe, trabajar\u00e1 para que Morelia pueda convertirse en una ciudad de Alimentaci\u00f3n Limpia, que se hagan alianzas para producir y procesar alimentos limpios en Morelia, que permitan que los muy peque\u00f1os productores puedan aliarse con los consumidores.<\/p>\n","protected":false},"excerpt":{"rendered":"<p>Compromete Cocoa Calder\u00f3n di\u00e1logo con c\u00e1maras empresariales para discusi\u00f3n del Paquete Fiscal y Presupuesto de Egresos de la Federaci\u00f3n una vez que asuma la Diputaci\u00f3n Federal.\u00a0 Morelia, Michoac\u00e1n a 25 de mayo de 2018. Ante la mesa directiva y socios de la C\u00e1mara Nacional de Comercio, Servicios y Turismo de Morelia (CANACO Servytur), Luisa Mar\u00eda [&hellip;]<\/p>\n","protected":false},"author":2,"featured_media":53500,"comment_status":"closed","ping_status":"closed","sticky":false,"template":"","format":"standard","meta":{"footnotes":""},"categories":[14,90],"tags":[],"class_list":["post-53499","post","type-post","status-publish","format-standard","has-post-thumbnail","hentry","category-destacadas","category-elecciones-2018"],"_links":{"self":[{"href":"https:\/\/radiowebmx.com\/nota\/wp-json\/wp\/v2\/posts\/53499","targetHints":{"allow":["GET"]}}],"collection":[{"href":"https:\/\/radiowebmx.com\/nota\/wp-json\/wp\/v2\/posts"}],"about":[{"href":"https:\/\/radiowebmx.com\/nota\/wp-json\/wp\/v2\/types\/post"}],"author":[{"embeddable":true,"href":"https:\/\/radiowebmx.com\/nota\/wp-json\/wp\/v2\/users\/2"}],"replies":[{"embeddable":true,"href":"https:\/\/radiowebmx.com\/nota\/wp-json\/wp\/v2\/comments?post=53499"}],"version-history":[{"count":2,"href":"https:\/\/radiowebmx.com\/nota\/wp-json\/wp\/v2\/posts\/53499\/revisions"}],"predecessor-version":[{"id":53502,"href":"https:\/\/radiowebmx.com\/nota\/wp-json\/wp\/v2\/posts\/53499\/revisions\/53502"}],"wp:featuredmedia":[{"embeddable":true,"href":"https:\/\/radiowebmx.com\/nota\/wp-json\/wp\/v2\/media\/53500"}],"wp:attachment":[{"href":"https:\/\/radiowebmx.com\/nota\/wp-json\/wp\/v2\/media?parent=53499"}],"wp:term":[{"taxonomy":"category","embeddable":true,"href":"https:\/\/radiowebmx.com\/nota\/wp-json\/wp\/v2\/categories?post=53499"},{"taxonomy":"post_tag","embeddable":true,"href":"https:\/\/radiowebmx.com\/nota\/wp-json\/wp\/v2\/tags?post=53499"}],"curies":[{"name":"wp","href":"https:\/\/api.w.org\/{rel}","templated":true}]}}