{"id":53489,"date":"2018-05-24T13:19:31","date_gmt":"2018-05-24T18:19:31","guid":{"rendered":"https:\/\/radiowebmx.com\/nota\/?p=53489"},"modified":"2018-05-24T13:19:31","modified_gmt":"2018-05-24T18:19:31","slug":"reestructuran-comisiones-y-comites-en-el-congreso","status":"publish","type":"post","link":"https:\/\/radiowebmx.com\/nota\/reestructuran-comisiones-y-comites-en-el-congreso\/","title":{"rendered":"Reestructuran Comisiones y Comit\u00e9s en el Congreso"},"content":{"rendered":"<p class=\"x_MsoNormal\"><b>Morelia; Michoac\u00e1n, 24 de mayo de 2018<\/b>.-\u00a0La Junta de Coordinaci\u00f3n Pol\u00edtica present\u00f3 ante el Pleno el dictamen mediante el cual se reestructuran comisiones de Dictamen y Comit\u00e9s, de la Septuag\u00e9sima Tercera Legislatura, con la finalidad de realizar las atribuciones legislativas, administrativas, de fiscalizaci\u00f3n e investigaci\u00f3n del Congreso.<\/p>\n<p class=\"x_MsoNormal\">El documento aprobado por unanimidad establece que las comisiones son colegiadas y se integran procurando reflejar la pluralidad del Congreso con un m\u00ednimo de tres y un m\u00e1ximo de cinco diputados, de acuerdo a lo dispuesto por el Art\u00edculo 53 de la Ley Org\u00e1nica y de Procedimientos del Congreso del Estado de Michoac\u00e1n.<\/p>\n<p class=\"x_MsoNormal\">Luego de la solicitud de licencia para separarse del cargo de diversos diputados de esta Septuag\u00e9sima Tercera Legislatura del Congreso del Estado, es necesario reestructurar las Comisiones y Comit\u00e9s que se integraban con los suplentes que tomaron protesta para asumir el cargo de Diputado.<\/p>\n<p class=\"x_MsoNormal\">Por lo quedaron de la forma siguiente: Comisi\u00f3n de Ciencia, Tecnolog\u00eda e Innovaci\u00f3n: presidente: Roberto Maldonado Hinojosa; integrantes: Jos\u00e9 Felipe Campos Vargas y Yarab\u00ed \u00c1vila Gonz\u00e1lez.<\/p>\n<p class=\"x_MsoNormal\">Comisi\u00f3n de Comunicaciones y Transportes: presidente: Jes\u00fas Remigio Garc\u00eda Maldonado; integrantes: Manuel L\u00f3pez Mel\u00e9ndez, Sandra Luz B\u00e9jar Mart\u00ednez y H\u00e9ctor G\u00f3mez Trujillo.<\/p>\n<p class=\"x_MsoNormal\">Comisi\u00f3n de Cultura y Artes: presidente: Ma. Auxilio Flores Garc\u00eda; integrantes: Enrique Zepeda Ontiveros y Esperanza Vargas Franco.<\/p>\n<p class=\"x_MsoNormal\">Comisi\u00f3n de Desarrollo Sustentable y Medio Ambiente: presidente: Lilia Rodr\u00edguez Jim\u00e9nez; integrantes: Sandra Luz B\u00e9jar Mart\u00ednez y Adriana Hern\u00e1ndez \u00cd\u00f1iguez.<\/p>\n<p class=\"x_MsoNormal\">Comisi\u00f3n de Educaci\u00f3n: presidente: Mercedes Alejandra Castro Calder\u00f3n; integrantes: Hugo Cuauht\u00e9moc Reyes Barriga, Ma. Auxilio Flores Garc\u00eda y Mario Armando Mendoza Guzm\u00e1n.<\/p>\n<p class=\"x_MsoNormal\">Comisi\u00f3n de Igualdad de G\u00e9nero: presidente: Socorro de la Luz Quintana Le\u00f3n; integrantes: Ma. Auxilio Flores Garc\u00eda y Yarab\u00ed \u00c1vila Gonz\u00e1lez.<\/p>\n<p class=\"x_MsoNormal\">Comisi\u00f3n de J\u00f3venes y Deporte: presidente: Jos\u00e9 Felipe Campos Vargas; integrantes: Martha Patricia Medina Garibay y Donovan Rend\u00f3n L\u00f3pez.<\/p>\n<p class=\"x_MsoNormal\">Comisi\u00f3n Jurisdiccional: presidente: Antonio Acuchi Rodr\u00edguez; integrantes: Mario Armando Mendoza Guzm\u00e1n y Jos\u00e9 Felipe Campos Vargas.<\/p>\n<p class=\"x_MsoNormal\">Comisi\u00f3n de Migraci\u00f3n: presidente: Leticia Ruiz L\u00f3pez; integrantes: Marco Antonio Gonz\u00e1lez Mendoza y Mercedes Alejandra Castro Calder\u00f3n.<\/p>\n<p class=\"x_MsoNormal\">Comisi\u00f3n de Trabajo y Previsi\u00f3n Social: presidente: Sandra Luz B\u00e9jar Mart\u00ednez; integrantes: Enrique Zepeda Ontiveros y Eugenia Herrera Aguirre.<\/p>\n<p class=\"x_MsoNormal\">Comit\u00e9 de Atenci\u00f3n Ciudadana y Gestor\u00eda: presidente: Esperanza Vargas Franco; integrantes: Marco Antonio Gonz\u00e1lez Mendoza y Adriana Hern\u00e1ndez \u00cd\u00f1iguez.<\/p>\n<p class=\"x_MsoNormal\">Comit\u00e9 de Transparencia y Acceso a la Informaci\u00f3n P\u00fablica: presidente: Marco Antonio Gonz\u00e1lez Mendoza; integrante: Rosa Mar\u00eda de la Torre Torres.<\/p>\n<p class=\"x_MsoNormal\">\n","protected":false},"excerpt":{"rendered":"<p>Morelia; Michoac\u00e1n, 24 de mayo de 2018.-\u00a0La Junta de Coordinaci\u00f3n Pol\u00edtica present\u00f3 ante el Pleno el dictamen mediante el cual se reestructuran comisiones de Dictamen y Comit\u00e9s, de la Septuag\u00e9sima Tercera Legislatura, con la finalidad de realizar las atribuciones legislativas, administrativas, de fiscalizaci\u00f3n e investigaci\u00f3n del Congreso. El documento aprobado por unanimidad establece que las [&hellip;]<\/p>\n","protected":false},"author":2,"featured_media":53490,"comment_status":"closed","ping_status":"closed","sticky":false,"template":"","format":"standard","meta":{"footnotes":""},"categories":[6,14],"tags":[],"class_list":["post-53489","post","type-post","status-publish","format-standard","has-post-thumbnail","hentry","category-congreso-del-estado","category-destacadas"],"_links":{"self":[{"href":"https:\/\/radiowebmx.com\/nota\/wp-json\/wp\/v2\/posts\/53489","targetHints":{"allow":["GET"]}}],"collection":[{"href":"https:\/\/radiowebmx.com\/nota\/wp-json\/wp\/v2\/posts"}],"about":[{"href":"https:\/\/radiowebmx.com\/nota\/wp-json\/wp\/v2\/types\/post"}],"author":[{"embeddable":true,"href":"https:\/\/radiowebmx.com\/nota\/wp-json\/wp\/v2\/users\/2"}],"replies":[{"embeddable":true,"href":"https:\/\/radiowebmx.com\/nota\/wp-json\/wp\/v2\/comments?post=53489"}],"version-history":[{"count":1,"href":"https:\/\/radiowebmx.com\/nota\/wp-json\/wp\/v2\/posts\/53489\/revisions"}],"predecessor-version":[{"id":53491,"href":"https:\/\/radiowebmx.com\/nota\/wp-json\/wp\/v2\/posts\/53489\/revisions\/53491"}],"wp:featuredmedia":[{"embeddable":true,"href":"https:\/\/radiowebmx.com\/nota\/wp-json\/wp\/v2\/media\/53490"}],"wp:attachment":[{"href":"https:\/\/radiowebmx.com\/nota\/wp-json\/wp\/v2\/media?parent=53489"}],"wp:term":[{"taxonomy":"category","embeddable":true,"href":"https:\/\/radiowebmx.com\/nota\/wp-json\/wp\/v2\/categories?post=53489"},{"taxonomy":"post_tag","embeddable":true,"href":"https:\/\/radiowebmx.com\/nota\/wp-json\/wp\/v2\/tags?post=53489"}],"curies":[{"name":"wp","href":"https:\/\/api.w.org\/{rel}","templated":true}]}}