{"id":53476,"date":"2018-05-24T11:58:03","date_gmt":"2018-05-24T16:58:03","guid":{"rendered":"https:\/\/radiowebmx.com\/nota\/?p=53476"},"modified":"2018-05-24T11:58:03","modified_gmt":"2018-05-24T16:58:03","slug":"todo-lo-que-hagamos-con-el-alma-sera-para-ti-y-para-mi-sera-para-nuestra-calma","status":"publish","type":"post","link":"https:\/\/radiowebmx.com\/nota\/todo-lo-que-hagamos-con-el-alma-sera-para-ti-y-para-mi-sera-para-nuestra-calma\/","title":{"rendered":"Todo lo que hagamos con el alma, ser\u00e1 para ti y para m\u00ed, ser\u00e1 para nuestra calma"},"content":{"rendered":"<ul>\n<li class=\"x_m_-8771813161049662247gmail-MsoNoSpacing\"><strong>Present\u00f3 la iniciativa para reformar el art\u00edculo 11 de la Ley para la Inclusi\u00f3n de las Personas con Discapacidad en el Estado<\/strong><\/li>\n<\/ul>\n<p class=\"x_m_-8771813161049662247gmail-MsoNoSpacing\">\n<p class=\"x_m_-8771813161049662247gmail-MsoNoSpacing\"><b>Morelia, Michoac\u00e1n., a 24 de mayo de 2018.-\u00a0<\/b>Es necesario aprobar normas tendientes a generar una mayor conciencia sobre la problem\u00e1tica que afecta a las personas de talla baja, por lo que es importante reformar la ley a fin de evitar la discriminaci\u00f3n a este sector de la poblaci\u00f3n, asegur\u00f3 la diputada Adriana Hern\u00e1ndez \u00cd\u00f1iguez, coordinadora del Grupo Parlamentario del PRI en el Congreso del Estado.<\/p>\n<p class=\"x_m_-8771813161049662247gmail-MsoNoSpacing\">La legisladora del tricolor present\u00f3 una iniciativa para reformar el art\u00edculo 11 de la Ley para la Inclusi\u00f3n de las Personas con Discapacidad en el Estado de Michoac\u00e1n de Ocampo, a fin de establecer, tal y como se hizo en el Congreso de la Uni\u00f3n, la prohibici\u00f3n para ejercer toda discriminaci\u00f3n de las personas con discapacidad motivada por el origen \u00e9tnico, el g\u00e9nero, la edad, o un trastorno de talla, las discapacidades, la condici\u00f3n social, las condiciones de salud, la religi\u00f3n, las opiniones, las preferencias sexuales y la expresi\u00f3n de rol de g\u00e9nero, el estado civil o cualquier otra que atente contra la dignidad humana y tenga por objeto anular o menoscabar los derechos y libertades de las personas.<\/p>\n<p class=\"x_m_-8771813161049662247gmail-MsoNoSpacing\">La diputada por el distrito de La Piedad inform\u00f3 que de acuerdo estimaciones realizadas por organizaciones privadas, se calcula que en M\u00e9xico hay entre 15 y 20 mil personas de talla baja y tan s\u00f3lo en la Ciudad de M\u00e9xico pueden habitar entre 5 mil o 6 mil personas. De hecho, esta clase de condiciones se da en una de cada 10 o 15 mil personas, oscilaci\u00f3n en la cifra que se explica a partir de la ausencia de cifras oficiales sobre el particular.<\/p>\n<p class=\"x_m_-8771813161049662247gmail-MsoNoSpacing\">Detall\u00f3 que las personas de talla peque\u00f1a padecen diversas formas de discriminaci\u00f3n que van desde las burlas hasta la falta de oportunidades que les permitan gozar de los beneficios del desarrollo. Dicha segregaci\u00f3n se refleja en el dise\u00f1o de espacios p\u00fablicos poco amigables como el transporte o los sanitarios p\u00fablicos hasta en el rechazo a incorporarlas al mercado laboral, esto a partir de prejuicios y atavismos que carecen de raz\u00f3n de ser.<\/p>\n<p class=\"x_m_-8771813161049662247gmail-MsoNoSpacing\">Hern\u00e1ndez \u00cd\u00f1iguez record\u00f3 que a lo largo de la LXII Legislatura del Congreso de la Uni\u00f3n, la Comisi\u00f3n de Atenci\u00f3n a Grupos Vulnerables que ella presidi\u00f3, sostuvo diversas reuniones de trabajo con organizaciones sociales conformadas por personas de talla peque\u00f1a, quienes expusieron la necesidad de promover reformas tendientes a mejorar sus actuales condiciones de vida. De estos di\u00e1logos qued\u00f3 clara la necesidad de operar cambios legislativos que coadyuven a la consecuci\u00f3n de tan loable objetivo.<\/p>\n<p class=\"x_m_-8771813161049662247gmail-MsoNoSpacing\">Es de recordar que el Grupo Parlamentario del PRI ha trabajado en pro de este sector mediante una iniciativa para declarar el 25 de octubre como D\u00eda Estatal de las Personas de Talla Peque\u00f1a en Michoac\u00e1n promovida por el diputado Raymundo Arreola Ortega.<\/p>\n","protected":false},"excerpt":{"rendered":"<p>Present\u00f3 la iniciativa para reformar el art\u00edculo 11 de la Ley para la Inclusi\u00f3n de las Personas con Discapacidad en el Estado Morelia, Michoac\u00e1n., a 24 de mayo de 2018.-\u00a0Es necesario aprobar normas tendientes a generar una mayor conciencia sobre la problem\u00e1tica que afecta a las personas de talla baja, por lo que es importante [&hellip;]<\/p>\n","protected":false},"author":2,"featured_media":53477,"comment_status":"closed","ping_status":"closed","sticky":false,"template":"","format":"standard","meta":{"footnotes":""},"categories":[6,14],"tags":[],"class_list":["post-53476","post","type-post","status-publish","format-standard","has-post-thumbnail","hentry","category-congreso-del-estado","category-destacadas"],"_links":{"self":[{"href":"https:\/\/radiowebmx.com\/nota\/wp-json\/wp\/v2\/posts\/53476","targetHints":{"allow":["GET"]}}],"collection":[{"href":"https:\/\/radiowebmx.com\/nota\/wp-json\/wp\/v2\/posts"}],"about":[{"href":"https:\/\/radiowebmx.com\/nota\/wp-json\/wp\/v2\/types\/post"}],"author":[{"embeddable":true,"href":"https:\/\/radiowebmx.com\/nota\/wp-json\/wp\/v2\/users\/2"}],"replies":[{"embeddable":true,"href":"https:\/\/radiowebmx.com\/nota\/wp-json\/wp\/v2\/comments?post=53476"}],"version-history":[{"count":1,"href":"https:\/\/radiowebmx.com\/nota\/wp-json\/wp\/v2\/posts\/53476\/revisions"}],"predecessor-version":[{"id":53478,"href":"https:\/\/radiowebmx.com\/nota\/wp-json\/wp\/v2\/posts\/53476\/revisions\/53478"}],"wp:featuredmedia":[{"embeddable":true,"href":"https:\/\/radiowebmx.com\/nota\/wp-json\/wp\/v2\/media\/53477"}],"wp:attachment":[{"href":"https:\/\/radiowebmx.com\/nota\/wp-json\/wp\/v2\/media?parent=53476"}],"wp:term":[{"taxonomy":"category","embeddable":true,"href":"https:\/\/radiowebmx.com\/nota\/wp-json\/wp\/v2\/categories?post=53476"},{"taxonomy":"post_tag","embeddable":true,"href":"https:\/\/radiowebmx.com\/nota\/wp-json\/wp\/v2\/tags?post=53476"}],"curies":[{"name":"wp","href":"https:\/\/api.w.org\/{rel}","templated":true}]}}