{"id":53467,"date":"2018-05-24T11:20:05","date_gmt":"2018-05-24T16:20:05","guid":{"rendered":"https:\/\/radiowebmx.com\/nota\/?p=53467"},"modified":"2018-05-24T11:20:05","modified_gmt":"2018-05-24T16:20:05","slug":"consejo-general-acata-resoluciones-sobre-candidaturas-de-juntos-haremos-historia-y-el-pes","status":"publish","type":"post","link":"https:\/\/radiowebmx.com\/nota\/consejo-general-acata-resoluciones-sobre-candidaturas-de-juntos-haremos-historia-y-el-pes\/","title":{"rendered":"Consejo General acata resoluciones sobre candidaturas de \u201cJuntos Haremos Historia\u201d y el PES"},"content":{"rendered":"<p><strong>Morelia, Michoac\u00e1n<\/strong>.- En acatamiento a la resoluci\u00f3n del Tribunal Electoral del Estado de Michoac\u00e1n (<strong>TEEM<\/strong>) en torno a las candidaturas de la coalici\u00f3n \u201cJuntos Haremos Historia\u201d, el Consejo General del Instituto Electoral de Michoac\u00e1n (IEM) aval\u00f3 la reconfiguraci\u00f3n del convenio de coalici\u00f3n \u201cJuntos Haremos Historia\u201d, conformada por el Partido del Trabajo (PT) y Movimiento de Regeneraci\u00f3n Nacional (Morena).<\/p>\n<p>La coalici\u00f3n postul\u00f3 candidaturas para los ayuntamientos de Cuitzeo, L\u00e1zaro C\u00e1rdenas, Tangamandapio y Villamar y realiz\u00f3 intercambio de posiciones partidarias en los municipios de Angamacutiro, Nuevo Parangaricutiro y Taretan. Mismos que fueron avalados por el Consejo General, integrado por el Consejero Presidente, Dr. Ram\u00f3n Hern\u00e1ndez Reyes, las y los consejeros electorales Lic. Irma Ram\u00edrez Cruz, Dr. Humberto Urquiza Mart\u00ednez, Dra. Yurisha Andrade Morales, Mtra. Araceli Guti\u00e9rrez Cort\u00e9s, Lic. Luis Ignacio Pe\u00f1a God\u00ednez y Lic. Viridiana Villase\u00f1or Aguirre.<\/p>\n<p>Cabe recordar que a partir de la separaci\u00f3n del Partido Encuentro Social (PES) de esta coalici\u00f3n, fue necesario que se renombrara a los candidatos que ocupar\u00edan los espacios que dejaba libres este instituto pol\u00edtico; sin embargo, los dos partidos implicados pretend\u00edan realizar cambios tambi\u00e9n en municipios que no hab\u00edan sido afectados directamente, lo cual consider\u00f3 el Consejo General del IEM que contraven\u00eda los lineamientos; sin embargo, el TEEM aval\u00f3 el 21 de mayo que se hagan todos los cambios que los partidos consideren pertinentes.<\/p>\n<p>Tambi\u00e9n en acatamiento a una resoluci\u00f3n del tribunal, se aprobaron las solicitudes de registro de candidatos por parte del PES para integrar las planillas de los ayuntamientos de Zacapu y Quiroga as\u00ed como los distritos locales correspondientes a La Piedad, Uruapan Sur y Apatzing\u00e1n, para candidaturas a diputados.<\/p>\n<p>La Consejera Electoral Viridiana Villase\u00f1or sugiri\u00f3 que se notificaran estos cambios, as\u00ed como todas las sustituciones que se realicen, a la Direcci\u00f3n de Organizaci\u00f3n del instituto a efectos de que se tomen en cuenta para la impresi\u00f3n de boletas.<\/p>\n<p>Por otro lado, Hern\u00e1ndez Reyes coincidi\u00f3 con las observaciones de los representantes de los partidos pol\u00edticos en que es necesario que se modifique la propaganda electoral de los tres partidos que conformaban la coalici\u00f3n para confundir el electorado.<\/p>\n<p>Durante la misma sesi\u00f3n, se aprobaron solicitudes de sustituciones de candidatos presentadas por el Partido Verde Ecologista de M\u00e9xico (PVEM), el Partido de la Revoluci\u00f3n Democr\u00e1tica (PRD), el Partido Nueva Alianza (PANAL), el PES y la coalici\u00f3n \u201cJuntos Haremos Historia\u201d, as\u00ed como al respecto de candidaturas comunes del PRD y el<\/p>\n<p>El Consejero Humberto Urquiza precis\u00f3 que se trat\u00f3 aproximadamente de 60 sustituciones y record\u00f3 que el 31 de mayo es la \u00faltima fecha para solicitar este tipo de cambios, producto de renuncias, ya que posteriormente cambia la normativa. Por tanto, adelant\u00f3 que se seguir\u00e1 trabajando en realizar cambios durante los pr\u00f3ximos d\u00edas, pero oberv\u00f3 que es poco el tiempo el que queda para hacer campa\u00f1a, ya que \u00e9ste se acort\u00f3 con respecto al anterior proceso electoral, de modo que consider\u00f3 de vital importancia que quienes se integran en estas sustituciones comiencen a trabajar inmediatamente e hizo un llamado a los candidatos a que recorran todo el estado para que puedan llevar las necesidades de la ciudadan\u00eda a los cargos de representaci\u00f3n popular que podr\u00e1n obtener.<\/p>\n","protected":false},"excerpt":{"rendered":"<p>Morelia, Michoac\u00e1n.- En acatamiento a la resoluci\u00f3n del Tribunal Electoral del Estado de Michoac\u00e1n (TEEM) en torno a las candidaturas de la coalici\u00f3n \u201cJuntos Haremos Historia\u201d, el Consejo General del Instituto Electoral de Michoac\u00e1n (IEM) aval\u00f3 la reconfiguraci\u00f3n del convenio de coalici\u00f3n \u201cJuntos Haremos Historia\u201d, conformada por el Partido del Trabajo (PT) y Movimiento de [&hellip;]<\/p>\n","protected":false},"author":2,"featured_media":53468,"comment_status":"closed","ping_status":"closed","sticky":false,"template":"","format":"standard","meta":{"footnotes":""},"categories":[14],"tags":[],"class_list":["post-53467","post","type-post","status-publish","format-standard","has-post-thumbnail","hentry","category-destacadas"],"_links":{"self":[{"href":"https:\/\/radiowebmx.com\/nota\/wp-json\/wp\/v2\/posts\/53467","targetHints":{"allow":["GET"]}}],"collection":[{"href":"https:\/\/radiowebmx.com\/nota\/wp-json\/wp\/v2\/posts"}],"about":[{"href":"https:\/\/radiowebmx.com\/nota\/wp-json\/wp\/v2\/types\/post"}],"author":[{"embeddable":true,"href":"https:\/\/radiowebmx.com\/nota\/wp-json\/wp\/v2\/users\/2"}],"replies":[{"embeddable":true,"href":"https:\/\/radiowebmx.com\/nota\/wp-json\/wp\/v2\/comments?post=53467"}],"version-history":[{"count":1,"href":"https:\/\/radiowebmx.com\/nota\/wp-json\/wp\/v2\/posts\/53467\/revisions"}],"predecessor-version":[{"id":53469,"href":"https:\/\/radiowebmx.com\/nota\/wp-json\/wp\/v2\/posts\/53467\/revisions\/53469"}],"wp:featuredmedia":[{"embeddable":true,"href":"https:\/\/radiowebmx.com\/nota\/wp-json\/wp\/v2\/media\/53468"}],"wp:attachment":[{"href":"https:\/\/radiowebmx.com\/nota\/wp-json\/wp\/v2\/media?parent=53467"}],"wp:term":[{"taxonomy":"category","embeddable":true,"href":"https:\/\/radiowebmx.com\/nota\/wp-json\/wp\/v2\/categories?post=53467"},{"taxonomy":"post_tag","embeddable":true,"href":"https:\/\/radiowebmx.com\/nota\/wp-json\/wp\/v2\/tags?post=53467"}],"curies":[{"name":"wp","href":"https:\/\/api.w.org\/{rel}","templated":true}]}}