{"id":53408,"date":"2018-05-22T17:51:37","date_gmt":"2018-05-22T22:51:37","guid":{"rendered":"https:\/\/radiowebmx.com\/nota\/?p=53408"},"modified":"2018-05-23T10:53:12","modified_gmt":"2018-05-23T15:53:12","slug":"nombran-a-silvano-aureoles-presidente-de-comision-de-seguridad-y-justicia-de-la-conago","status":"publish","type":"post","link":"https:\/\/radiowebmx.com\/nota\/nombran-a-silvano-aureoles-presidente-de-comision-de-seguridad-y-justicia-de-la-conago\/","title":{"rendered":"Nombran a Silvano Aureoles presidente de comisi\u00f3n de Seguridad y Justicia de la Conago"},"content":{"rendered":"<p><a href=\"https:\/\/radiowebmx.com\/nota\/wp-content\/uploads\/2018\/05\/3c7f0286-a9c9-42b0-94c0-19cfda22deab.jpeg\"><img loading=\"lazy\" decoding=\"async\" class=\"alignnone  wp-image-53409\" src=\"https:\/\/radiowebmx.com\/nota\/wp-content\/uploads\/2018\/05\/3c7f0286-a9c9-42b0-94c0-19cfda22deab-595x499.jpeg\" alt=\"\" width=\"397\" height=\"333\" srcset=\"https:\/\/radiowebmx.com\/nota\/wp-content\/uploads\/2018\/05\/3c7f0286-a9c9-42b0-94c0-19cfda22deab-595x499.jpeg 595w, https:\/\/radiowebmx.com\/nota\/wp-content\/uploads\/2018\/05\/3c7f0286-a9c9-42b0-94c0-19cfda22deab.jpeg 768w\" sizes=\"auto, (max-width: 397px) 100vw, 397px\" \/><\/a><\/p>\n<ul>\n<li><strong>El Gobernador de Michoac\u00e1n asiste a la LIV Reuni\u00f3n Plenaria de la Conferencia Nacional de Gobernadores, con sede en Villahermosa, Tabasco, donde tambi\u00e9n lo ratifican como presidente de la Comisi\u00f3n para el Desarrollo de las ZEE.<\/strong><\/li>\n<\/ul>\n<p><strong>Villahermosa, Tabasco, a 22 de mayo de 2018.-<\/strong>\u00a0El Gobernador de Michoac\u00e1n, Silvano Aureoles Conejo, encabezar\u00e1 la Comisi\u00f3n de Seguridad y Justicia de la Conferencia Nacional de Gobernadores (Conago) -encomienda que le fue otorgada este d\u00eda- y mantendr\u00e1 la coordinaci\u00f3n en la Comisi\u00f3n para el Desarrollo de las Zonas Econ\u00f3micas Especiales (ZEE).<\/p>\n<p>En el marco de la LIV Asamblea Ordinaria de la Conago, que se desarrolla en Villahermosa, Tabasco, el mandatario michoacano enfatiz\u00f3 que en ambas comisiones buscar\u00e1 impulsar una pol\u00edtica coordinada a nivel nacional para el fortalecimiento de dos pilares fundamentales para el desarrollo del pa\u00eds: la seguridad y el desarrollo econ\u00f3mico, con enfoques regionales.<\/p>\n<p>El titular del Poder Ejecutivo de Michoac\u00e1n particip\u00f3 en diversas reuniones con la gobernadora, gobernadores y el jefe de Gobierno de la Ciudad de M\u00e9xico, con el objetivo de acordar las prioridades de trabajo de la conferencia en el marco del relevo de la Presidencia de este organismo.<\/p>\n<p>Con la presencia del secretario de Gobernaci\u00f3n, Alfonso Navarrete Prida, y del titular de la Auditor\u00eda Superior de la Federaci\u00f3n, David Colmenares P\u00e1ramo, entre otros funcionarios federales y estatales, se confirm\u00f3 la continuidad de Silvano Aureoles en la presidencia de la Comisi\u00f3n para el Desarrollo de las ZEE, y se anunci\u00f3 su llegada a la coordinaci\u00f3n de la Comisi\u00f3n de Seguridad y Justicia.<\/p>\n<p>Es de destacar que, en respuesta a una invitaci\u00f3n hecha por el Gobernador Silvano Aureoles, el titular de la Autoridad Federal para el Desarrollo de las Zonas Econ\u00f3micas Especiales, Gerardo Guti\u00e9rrez Candiani, expuso ante quienes integran la Conago los avances y retos para la consolidaci\u00f3n de las siete ZEE establecidas en ocho entidades de la Rep\u00fablica.<\/p>\n","protected":false},"excerpt":{"rendered":"<p>El Gobernador de Michoac\u00e1n asiste a la LIV Reuni\u00f3n Plenaria de la Conferencia Nacional de Gobernadores, con sede en Villahermosa, Tabasco, donde tambi\u00e9n lo ratifican como presidente de la Comisi\u00f3n para el Desarrollo de las ZEE. Villahermosa, Tabasco, a 22 de mayo de 2018.-\u00a0El Gobernador de Michoac\u00e1n, Silvano Aureoles Conejo, encabezar\u00e1 la Comisi\u00f3n de Seguridad [&hellip;]<\/p>\n","protected":false},"author":2,"featured_media":53410,"comment_status":"closed","ping_status":"closed","sticky":false,"template":"","format":"standard","meta":{"footnotes":""},"categories":[14,3,60],"tags":[],"class_list":["post-53408","post","type-post","status-publish","format-standard","has-post-thumbnail","hentry","category-destacadas","category-gobierno-del-estado-de-michoacan","category-michoacan"],"_links":{"self":[{"href":"https:\/\/radiowebmx.com\/nota\/wp-json\/wp\/v2\/posts\/53408","targetHints":{"allow":["GET"]}}],"collection":[{"href":"https:\/\/radiowebmx.com\/nota\/wp-json\/wp\/v2\/posts"}],"about":[{"href":"https:\/\/radiowebmx.com\/nota\/wp-json\/wp\/v2\/types\/post"}],"author":[{"embeddable":true,"href":"https:\/\/radiowebmx.com\/nota\/wp-json\/wp\/v2\/users\/2"}],"replies":[{"embeddable":true,"href":"https:\/\/radiowebmx.com\/nota\/wp-json\/wp\/v2\/comments?post=53408"}],"version-history":[{"count":1,"href":"https:\/\/radiowebmx.com\/nota\/wp-json\/wp\/v2\/posts\/53408\/revisions"}],"predecessor-version":[{"id":53411,"href":"https:\/\/radiowebmx.com\/nota\/wp-json\/wp\/v2\/posts\/53408\/revisions\/53411"}],"wp:featuredmedia":[{"embeddable":true,"href":"https:\/\/radiowebmx.com\/nota\/wp-json\/wp\/v2\/media\/53410"}],"wp:attachment":[{"href":"https:\/\/radiowebmx.com\/nota\/wp-json\/wp\/v2\/media?parent=53408"}],"wp:term":[{"taxonomy":"category","embeddable":true,"href":"https:\/\/radiowebmx.com\/nota\/wp-json\/wp\/v2\/categories?post=53408"},{"taxonomy":"post_tag","embeddable":true,"href":"https:\/\/radiowebmx.com\/nota\/wp-json\/wp\/v2\/tags?post=53408"}],"curies":[{"name":"wp","href":"https:\/\/api.w.org\/{rel}","templated":true}]}}