{"id":53306,"date":"2018-05-21T12:47:13","date_gmt":"2018-05-21T17:47:13","guid":{"rendered":"https:\/\/radiowebmx.com\/nota\/?p=53306"},"modified":"2018-05-21T12:47:13","modified_gmt":"2018-05-21T17:47:13","slug":"maraca-y-pandereta-una-historia-en-do-mayor-llega-a-guatemala","status":"publish","type":"post","link":"https:\/\/radiowebmx.com\/nota\/maraca-y-pandereta-una-historia-en-do-mayor-llega-a-guatemala\/","title":{"rendered":"\u201cMaraca y Pandereta, una historia en Do Mayor\u201d, llega a Guatemala"},"content":{"rendered":"<p><img loading=\"lazy\" decoding=\"async\" class=\"\" src=\"https:\/\/gallery.mailchimp.com\/a4abfaea79b3e35e586fbb060\/_compresseds\/940029d6-e1f5-43c6-8d6d-1e1a9706a20b.jpg\" width=\"399\" height=\"282\" \/><\/p>\n<p>&nbsp;<\/p>\n<ul>\n<li><strong>Tras las gestiones del Cedram, Cronopio Colectivo de Arte Esc\u00e9nico se encuentra de gira por aquel pa\u00eds en el que se presentar\u00e1n en diversas comunidades ind\u00edgenas.<\/strong><\/li>\n<\/ul>\n<p><strong><br \/>\nMorelia, Michoac\u00e1n, a 21 de mayo de 2018.-<\/strong>\u00a0Con la obra de teatro y danza clown \u201cMaraca y Pandereta, una historia en Do Mayor\u201d, Cronopio Colectivo de Arte Esc\u00e9nico, est\u00e1 realizando una gira en comunidades ind\u00edgenas de Guatemala, entre los meses de mayo y junio del presente a\u00f1o.<\/p>\n<p>Estas actividades se realizan gracias al apoyo del Centro Dram\u00e1tico de Michoac\u00e1n (Cedram), encabezado por su director general Miguel \u00c1ngel C\u00e1rdenas S\u00e1nchez, quien gestion\u00f3 el respaldo con distintas asociaciones y organizaciones no gubernamentales de Guatemala, tales como Sagrada Tierra, La Otra Cooperativa, Organizaci\u00f3n Mejorha, Cooperativa Manos Unidas y activistas como la francesa Christine Colombini.<\/p>\n<p>Este proyecto cuenta con el apoyo de las secretar\u00edas de Cultura Federal y de Michoac\u00e1n, el Centro Nacional de las Artes, la Fundaci\u00f3n Sertull, La Casa del Teatro y el mismo Cedram.<\/p>\n<p>Las actividades art\u00edsticas del colectivo en Guatemala se realizan del 21 de mayo al 19 de junio. Hasta el momento se tienen planeadas 20 funciones a desarrollarse en comunidades mayas de tres departamentos del pa\u00eds vecino, como lo son Pet\u00e9n, Alta Verapaz, Guatemala y Chiquimula.<\/p>\n<p>Cabe se\u00f1alar que la comunidad ind\u00edgena de Guatemala representa el 41 por ciento de la poblaci\u00f3n total de ese pa\u00eds, donde a su vez, la etnia m\u00e1s numerosa es la Maya, con el 40 por ciento de la poblaci\u00f3n ind\u00edgena total, conformada por 22 comunidades ling\u00fc\u00edsticas, un gran porcentaje de las cuales no dominan el idioma castellano.<\/p>\n<p>Es en este punto donde se resaltan las bondades de la obra \u201cMaraca y Pandereta, una historia en Do Mayor\u201d, misma que se vale del teatro, la danza y el clown para su interpretaci\u00f3n, la cual, al no requerir palabras para su comprensi\u00f3n, rompe la barrera del idioma y hace del arte esc\u00e9nico un lenguaje universal, id\u00f3neo para acercar este tipo de expresiones a dichas comunidades.<\/p>\n<p>Con duraci\u00f3n de 55 minutos y apta para el p\u00fablico familiar, \u201cMaraca y Pandereta, una historia en Do Mayor\u201d es dirigida por Liliana Fraga Izaguirre, quien tambi\u00e9n interpreta a \u2018Pandereta\u2019, mientras que Jos\u00e9 Ram\u00f3n Garc\u00eda P\u00e9rez encarna a como \u2018Maraca\u2019.<\/p>\n<p>Esta propuesta esc\u00e9nica aborda de una manera sencilla la complejidad de la convivencia humana, resaltando la importancia de vivir los valores como el respeto, la amistad, el perd\u00f3n, el amor y la fraternidad.<\/p>\n<p>Esta obra cuenta con una trayectoria de m\u00e1s de 500 funciones en M\u00e9xico y una gira en el extranjero. Entre 2016 y 2017 el colectivo comparti\u00f3 este trabajo con m\u00e1s de 50 mil personas en comunidades ind\u00edgenas y en situaci\u00f3n de vulnerabilidad en Chihuahua, Oaxaca, Colima, Guanajuato, Guadalajara, Estado de M\u00e9xico y principalmente en Michoac\u00e1n.<\/p>\n","protected":false},"excerpt":{"rendered":"<p>&nbsp; Tras las gestiones del Cedram, Cronopio Colectivo de Arte Esc\u00e9nico se encuentra de gira por aquel pa\u00eds en el que se presentar\u00e1n en diversas comunidades ind\u00edgenas. Morelia, Michoac\u00e1n, a 21 de mayo de 2018.-\u00a0Con la obra de teatro y danza clown \u201cMaraca y Pandereta, una historia en Do Mayor\u201d, Cronopio Colectivo de Arte Esc\u00e9nico, [&hellip;]<\/p>\n","protected":false},"author":2,"featured_media":53307,"comment_status":"closed","ping_status":"closed","sticky":false,"template":"","format":"standard","meta":{"footnotes":""},"categories":[14,3,60],"tags":[],"class_list":["post-53306","post","type-post","status-publish","format-standard","has-post-thumbnail","hentry","category-destacadas","category-gobierno-del-estado-de-michoacan","category-michoacan"],"_links":{"self":[{"href":"https:\/\/radiowebmx.com\/nota\/wp-json\/wp\/v2\/posts\/53306","targetHints":{"allow":["GET"]}}],"collection":[{"href":"https:\/\/radiowebmx.com\/nota\/wp-json\/wp\/v2\/posts"}],"about":[{"href":"https:\/\/radiowebmx.com\/nota\/wp-json\/wp\/v2\/types\/post"}],"author":[{"embeddable":true,"href":"https:\/\/radiowebmx.com\/nota\/wp-json\/wp\/v2\/users\/2"}],"replies":[{"embeddable":true,"href":"https:\/\/radiowebmx.com\/nota\/wp-json\/wp\/v2\/comments?post=53306"}],"version-history":[{"count":1,"href":"https:\/\/radiowebmx.com\/nota\/wp-json\/wp\/v2\/posts\/53306\/revisions"}],"predecessor-version":[{"id":53308,"href":"https:\/\/radiowebmx.com\/nota\/wp-json\/wp\/v2\/posts\/53306\/revisions\/53308"}],"wp:featuredmedia":[{"embeddable":true,"href":"https:\/\/radiowebmx.com\/nota\/wp-json\/wp\/v2\/media\/53307"}],"wp:attachment":[{"href":"https:\/\/radiowebmx.com\/nota\/wp-json\/wp\/v2\/media?parent=53306"}],"wp:term":[{"taxonomy":"category","embeddable":true,"href":"https:\/\/radiowebmx.com\/nota\/wp-json\/wp\/v2\/categories?post=53306"},{"taxonomy":"post_tag","embeddable":true,"href":"https:\/\/radiowebmx.com\/nota\/wp-json\/wp\/v2\/tags?post=53306"}],"curies":[{"name":"wp","href":"https:\/\/api.w.org\/{rel}","templated":true}]}}