{"id":5328,"date":"2014-01-17T10:25:22","date_gmt":"2014-01-17T16:25:22","guid":{"rendered":"https:\/\/radiowebmx.com\/nota\/?p=5328"},"modified":"2014-02-05T10:27:43","modified_gmt":"2014-02-05T16:27:43","slug":"la-estrategia-federal-es-integral-atiende-seguridad-y-tambien-aspectos-socioeconomicos-fausto-vallejo","status":"publish","type":"post","link":"https:\/\/radiowebmx.com\/nota\/la-estrategia-federal-es-integral-atiende-seguridad-y-tambien-aspectos-socioeconomicos-fausto-vallejo\/","title":{"rendered":"LA ESTRATEGIA FEDERAL ES INTEGRAL, ATIENDE SEGURIDAD Y TAMBI\u00c9N ASPECTOS SOCIOECON\u00d3MICOS: FAUSTO VALLEJO"},"content":{"rendered":"<p><a href=\"https:\/\/radiowebmx.com\/nota\/wp-content\/uploads\/2014\/02\/DSC_2575.jpg\"><img loading=\"lazy\" decoding=\"async\" class=\"alignleft size-full wp-image-5329\" alt=\"DSC_2575\" src=\"https:\/\/radiowebmx.com\/nota\/wp-content\/uploads\/2014\/02\/DSC_2575.jpg\" width=\"591\" height=\"291\" \/><\/a>El desaf\u00edo inmediato de todos est\u00e1 en devolver la paz y tranquilidad a los michoacanos, para dar paso al desarrollo econ\u00f3mico y social de nuestra entidad, asever\u00f3 el gobernador Fausto Vallejo Figueroa, durante la Asamblea Anual de la C\u00e1mara Nacional de la Transformaci\u00f3n (CANACINTRA), delegaci\u00f3n Uruapan.<\/p>\n<p>Con el respaldo del Gobierno de la Rep\u00fablica se reforzar\u00e1 y atender\u00e1 la seguridad no s\u00f3lo a trav\u00e9s de las fuerzas armadas, sino con un enfoque integral que abarca los aspectos pol\u00edticos, sociales y econ\u00f3micos de todo el estado; asegur\u00f3 Vallejo Figueroa.<\/p>\n<p>En gira de trabajo por este municipio, el mandatario estatal manifest\u00f3 que \u201cen Michoac\u00e1n ya estamos en la hora de los hechos y no de las palabras, pues ahora tendr\u00e1n que hablar los buenos resultados que construiremos con la participaci\u00f3n de todos\u201d.<\/p>\n<p>Asimismo, celebr\u00f3 la respuesta que tiene el presidente Enrique Pe\u00f1a Nieto a las peticiones de apoyo planteadas, mismas que vendr\u00e1n a construir, junto con las autoridades estatales, lo que se merece Michoac\u00e1n: desarrollo, paz y tranquilidad.<\/p>\n<p>Este apoyo se ve fortalecido con la creaci\u00f3n de la Comisi\u00f3n para la Seguridad y el Desarrollo Integral en el Estado de Michoac\u00e1n, que est\u00e1 a cargo del Comisionado Alfredo Castillo Cervantes, y que se enmarca leg\u00edtimamente en el pleno respeto de nuestra Soberan\u00eda estatal, agreg\u00f3.<\/p>\n<p>Al tomar protesta al nuevo Consejo directivo de la CANACINTRA, Fausto Vallejo enfatiz\u00f3 que el desarrollo social y econ\u00f3mico es prioridad para su administraci\u00f3n, al tiempo que reiter\u00f3 su completo apoyo para con los industriales y empresarios que trabajan en ello d\u00eda a d\u00eda.<\/p>\n<p>De igual manera, felicit\u00f3 a Claudia Cervantes Soto, quien tom\u00f3 la presidencia de la\u00a0 C\u00e1mara en esta ciudad de Uruapan y resalt\u00f3 el trabajo realizado por el ahora expresidente de la misma, Alfonso Mart\u00ednez Equihua; \u201cbajo su liderazgo se continuar\u00e1 trabajando con el mismo dinamismo, hasta alcanzar la competitividad de todos los agremiados a esta Delegaci\u00f3n\u201d.<\/p>\n<p><b>DESARROLLO E INFRAESTRUCTURA CARRETERA PARA LA REGI\u00d3N URUAPAN<\/b><\/p>\n<p>Posterior a la toma de protesta, el gobernador Fausto Vallejo tuvo una reuni\u00f3n de trabajo con los presidentes municipales de Taretan, Nuevo Parangaricutiro, Ziracuaretiro, Uruapan, y el s\u00edndico de Gabriel Zamora.<\/p>\n<p>Dentro de las acciones a realizar en esta zona, anunci\u00f3 que se encuentra la terminaci\u00f3n de una cl\u00ednica en Taretan; la reconstrucci\u00f3n de un puente vehicular que sufri\u00f3 algunos da\u00f1os con las lluvias de la temporada pasada; as\u00ed como dar seguimiento a otros proyectos planteados por el presidente de Ziracuaretiro en semanas anteriores; por mencionar algunas.<\/p>\n<p>El gobernador del estado dej\u00f3 de manifiesto su voluntad para apoyar a los mun\u00edcipes de toda la entidad, pues ha tenido contacto permanente con ellos y lo mantendr\u00e1.<\/p>\n<p>Tambi\u00e9n durante su gira de trabajo en Uruapan, el gobernador Vallejo Figueroa se reuni\u00f3 con los integrantes del Consejo Coordinador Empresarial de esta ciudad, para escuchar los planteamientos del sector y en conjunto favorecer el desarrollo econ\u00f3mico de la zona.<\/p>\n","protected":false},"excerpt":{"rendered":"<p>El desaf\u00edo inmediato de todos est\u00e1 en devolver la paz y tranquilidad a los michoacanos, para dar paso al desarrollo econ\u00f3mico y social de nuestra entidad, asever\u00f3 el gobernador Fausto Vallejo Figueroa, durante la Asamblea Anual de la C\u00e1mara Nacional de la Transformaci\u00f3n (CANACINTRA), delegaci\u00f3n Uruapan.<\/p>\n","protected":false},"author":1,"featured_media":0,"comment_status":"open","ping_status":"open","sticky":false,"template":"","format":"standard","meta":{"footnotes":""},"categories":[14,3],"tags":[],"class_list":["post-5328","post","type-post","status-publish","format-standard","hentry","category-destacadas","category-gobierno-del-estado-de-michoacan"],"_links":{"self":[{"href":"https:\/\/radiowebmx.com\/nota\/wp-json\/wp\/v2\/posts\/5328","targetHints":{"allow":["GET"]}}],"collection":[{"href":"https:\/\/radiowebmx.com\/nota\/wp-json\/wp\/v2\/posts"}],"about":[{"href":"https:\/\/radiowebmx.com\/nota\/wp-json\/wp\/v2\/types\/post"}],"author":[{"embeddable":true,"href":"https:\/\/radiowebmx.com\/nota\/wp-json\/wp\/v2\/users\/1"}],"replies":[{"embeddable":true,"href":"https:\/\/radiowebmx.com\/nota\/wp-json\/wp\/v2\/comments?post=5328"}],"version-history":[{"count":1,"href":"https:\/\/radiowebmx.com\/nota\/wp-json\/wp\/v2\/posts\/5328\/revisions"}],"predecessor-version":[{"id":5330,"href":"https:\/\/radiowebmx.com\/nota\/wp-json\/wp\/v2\/posts\/5328\/revisions\/5330"}],"wp:attachment":[{"href":"https:\/\/radiowebmx.com\/nota\/wp-json\/wp\/v2\/media?parent=5328"}],"wp:term":[{"taxonomy":"category","embeddable":true,"href":"https:\/\/radiowebmx.com\/nota\/wp-json\/wp\/v2\/categories?post=5328"},{"taxonomy":"post_tag","embeddable":true,"href":"https:\/\/radiowebmx.com\/nota\/wp-json\/wp\/v2\/tags?post=5328"}],"curies":[{"name":"wp","href":"https:\/\/api.w.org\/{rel}","templated":true}]}}