{"id":53237,"date":"2018-05-13T15:40:50","date_gmt":"2018-05-13T20:40:50","guid":{"rendered":"https:\/\/radiowebmx.com\/nota\/?p=53237"},"modified":"2018-05-18T13:13:55","modified_gmt":"2018-05-18T18:13:55","slug":"deporte-necesario-para-prevenir-delitos-y-construir-comunidad","status":"publish","type":"post","link":"https:\/\/radiowebmx.com\/nota\/deporte-necesario-para-prevenir-delitos-y-construir-comunidad\/","title":{"rendered":"Deporte, necesario para prevenir delitos y construir comunidad"},"content":{"rendered":"<p><img loading=\"lazy\" decoding=\"async\" class=\"\" src=\"https:\/\/attachment.outlook.live.net\/owa\/comgrafic_3@hotmail.com\/service.svc\/s\/GetAttachmentThumbnail?id=AQMkADAwATY0MDABLTgwNTYtZWM3OS0wMAItMDAKAEYAAAPaed1c1j8KT7aURLn6rI5GBwAe15j5sUT3TaISzCRY4uMCAAACAQwAAADomvo5BPcZT7qsxXAm84sCAAAA7LdhjwAAAAESABAANNLoXlYZLkeHcmMvvFr8oQ%3D%3D&amp;thumbnailType=2&amp;X-OWA-CANARY=T2YExgH_x0mHc5zeyHviY5DqGdbqvNUYeIvuD7ah18llw5JCsq-ACla_AfckFBt1P0v3j5hDcG0.&amp;token=eyJ0eXAiOiJKV1QiLCJhbGciOiJSUzI1NiIsIng1dCI6IkJnRDU5blJpQnpmbk5BVGloOFJhZ1l5M3pyZyJ9.eyJ2ZXIiOiJFeGNoYW5nZS5DYWxsYmFjay5WMSIsImFwcGN0eHNlbmRlciI6Ik93YURvd25sb2FkQDg0ZGY5ZTdmLWU5ZjYtNDBhZi1iNDM1LWFhYWFhYWFhYWFhYSIsImFwcGN0eCI6IntcIm1zZXhjaHByb3RcIjpcIm93YVwiLFwicHJpbWFyeXNpZFwiOlwiUy0xLTI4MjctNDA5NjAwLTIxNTMxODAyODFcIixcInB1aWRcIjpcIjE3NTkyMjA3NTc2MjE4ODFcIixcIm9pZFwiOlwiMDAwNjQwMDAtODA1Ni1lYzc5LTAwMDAtMDAwMDAwMDAwMDAwXCIsXCJzY29wZVwiOlwiT3dhRG93bmxvYWRcIn0iLCJpc3MiOiIwMDAwMDAwMi0wMDAwLTBmZjEtY2UwMC0wMDAwMDAwMDAwMDBAODRkZjllN2YtZTlmNi00MGFmLWI0MzUtYWFhYWFhYWFhYWFhIiwiYXVkIjoiMDAwMDAwMDItMDAwMC0wZmYxLWNlMDAtMDAwMDAwMDAwMDAwL2F0dGFjaG1lbnQub3V0bG9vay5saXZlLm5ldEA4NGRmOWU3Zi1lOWY2LTQwYWYtYjQzNS1hYWFhYWFhYWFhYWEiLCJleHAiOjE1MjY2Njc2MjEsIm5iZiI6MTUyNjY2NzAyMX0.DVO0DUZOt96h6PZwGYTgQpBMyWoeriSUPVu4zlRGafsUvdzUd0atsbyf7oDUmi38vZ4F-Z0xMu1f27eFEfvSN5koiVYQkaTpN7aRae61jLSHDkwvATAXnyEZbpoC1SReYr3AKe-Lqu2DF_x_-VaKnT4O3qzmyw4obaY3exD9UmbqOGk-kwbijZ412ZyjseCi0xzQ99rUV1Bn6O59fUvXbg8QdEvKds8D4LtCcSDhDHu6TGx3KMGG0EWRaxZ3q70Fd2RmPUNRWGXaPT3ClqxDpM3x75mTa1CVodgmdaa4QEu9nBy6wipkUlt-oS8ESL3WPihhizyF1h23ytj0_hhKwA&amp;owa=outlook.live.com&amp;isc=1\" width=\"400\" height=\"267\" \/><\/p>\n<ul>\n<li><strong>Durante la administraci\u00f3n de L\u00e1zaro Medina como presidente municipal de Morelia se atrajeron diversos eventos deportivos de talla internacional.<\/strong><\/li>\n<\/ul>\n<p><strong>Morelia, Michoac\u00e1n, 13 de mayo de 2018.-<\/strong> El deporte debe ser una pol\u00edtica p\u00fablica permanente que llegue a toda la sociedad como una medida de salud, prevenci\u00f3n del delito y de seguridad, refiri\u00f3 el candidato del PRI a diputado federal por el Distrito 08 de Morelia, Wilfrido L\u00e1zaro Medina.<\/p>\n<p>Durante un encuentro con miembros de la Liga de Futbol F\u00e9lix Cerda Loza, as\u00ed como con maestros del deporte, el candidato reconoci\u00f3 a los morelianos que impulsan el deporte en la ciudad, pues tienen un papel fundamental en la reconstrucci\u00f3n del tejido social.<\/p>\n<p>Al platicar con los encargados de la liga, quienes motivan a j\u00f3venes y adultos a practicar deporte, L\u00e1zaro Medina destac\u00f3 la importancia de esta actividad, que genera bienestar social, previene el delito, ayuda a reforzar los lazos de la comunidad y mejora la salud de las personas.<\/p>\n<p>Reiter\u00f3 su apoyo incondicional para el sano esparcimiento, ya que desde que fue presidente municipal de Morelia ha buscado impulsar el deporte con la creaci\u00f3n de espacios p\u00fablicos dedicados a esta actividad, as\u00ed como la realizaci\u00f3n de diversos eventos deportivos de talla internacional.<\/p>\n<p>Durante su gesti\u00f3n como edil de Morelia, la ciudad fue nombrada Capital Mexicana del Deporte, adem\u00e1s de que se realiz\u00f3 el s\u00e9ptimo Campeonato Mundial de Nataci\u00f3n para personas con S\u00edndrome de Down, as\u00ed como una edici\u00f3n del Campeonato Centroamericano y del Caribe de Atletismo Mayor.<\/p>\n<p>Posteriormente se realiz\u00f3 el mismo campeonato en las categor\u00edas Sub 18 y Sub 20, as\u00ed como un gran n\u00famero de eventos nacionales colocando a Morelia como una de las ciudades m\u00e1s importantes en el \u00e1mbito deportivo de M\u00e9xico.<\/p>\n","protected":false},"excerpt":{"rendered":"<p>Durante la administraci\u00f3n de L\u00e1zaro Medina como presidente municipal de Morelia se atrajeron diversos eventos deportivos de talla internacional. Morelia, Michoac\u00e1n, 13 de mayo de 2018.- El deporte debe ser una pol\u00edtica p\u00fablica permanente que llegue a toda la sociedad como una medida de salud, prevenci\u00f3n del delito y de seguridad, refiri\u00f3 el candidato del [&hellip;]<\/p>\n","protected":false},"author":2,"featured_media":53240,"comment_status":"closed","ping_status":"closed","sticky":false,"template":"","format":"standard","meta":{"footnotes":""},"categories":[14],"tags":[],"class_list":["post-53237","post","type-post","status-publish","format-standard","has-post-thumbnail","hentry","category-destacadas"],"_links":{"self":[{"href":"https:\/\/radiowebmx.com\/nota\/wp-json\/wp\/v2\/posts\/53237","targetHints":{"allow":["GET"]}}],"collection":[{"href":"https:\/\/radiowebmx.com\/nota\/wp-json\/wp\/v2\/posts"}],"about":[{"href":"https:\/\/radiowebmx.com\/nota\/wp-json\/wp\/v2\/types\/post"}],"author":[{"embeddable":true,"href":"https:\/\/radiowebmx.com\/nota\/wp-json\/wp\/v2\/users\/2"}],"replies":[{"embeddable":true,"href":"https:\/\/radiowebmx.com\/nota\/wp-json\/wp\/v2\/comments?post=53237"}],"version-history":[{"count":1,"href":"https:\/\/radiowebmx.com\/nota\/wp-json\/wp\/v2\/posts\/53237\/revisions"}],"predecessor-version":[{"id":53241,"href":"https:\/\/radiowebmx.com\/nota\/wp-json\/wp\/v2\/posts\/53237\/revisions\/53241"}],"wp:featuredmedia":[{"embeddable":true,"href":"https:\/\/radiowebmx.com\/nota\/wp-json\/wp\/v2\/media\/53240"}],"wp:attachment":[{"href":"https:\/\/radiowebmx.com\/nota\/wp-json\/wp\/v2\/media?parent=53237"}],"wp:term":[{"taxonomy":"category","embeddable":true,"href":"https:\/\/radiowebmx.com\/nota\/wp-json\/wp\/v2\/categories?post=53237"},{"taxonomy":"post_tag","embeddable":true,"href":"https:\/\/radiowebmx.com\/nota\/wp-json\/wp\/v2\/tags?post=53237"}],"curies":[{"name":"wp","href":"https:\/\/api.w.org\/{rel}","templated":true}]}}