{"id":53213,"date":"2018-05-17T15:39:29","date_gmt":"2018-05-17T20:39:29","guid":{"rendered":"https:\/\/radiowebmx.com\/nota\/?p=53213"},"modified":"2018-05-18T11:42:19","modified_gmt":"2018-05-18T16:42:19","slug":"urgen-acciones-integrales-para-disminuir-pobreza-y-violencia-angel-cedillo","status":"publish","type":"post","link":"https:\/\/radiowebmx.com\/nota\/urgen-acciones-integrales-para-disminuir-pobreza-y-violencia-angel-cedillo\/","title":{"rendered":"Urgen acciones integrales para disminuir pobreza y violencia: \u00c1ngel Cedillo"},"content":{"rendered":"<p class=\"x_MsoNormal\"><b>Morelia; Michoac\u00e1n, 17 de mayo de 2018<\/b>.-\u00a0<span lang=\"ES\">En nuestro pa\u00eds uno de los grandes pendientes de la agenda p\u00fablica es la instrumentaci\u00f3n de acciones efectivas que disminuyan los niveles de pobreza y\u00a0\u00a0erradiquen todas las formas de violencia que padecen las mujeres y sectores vulnerables, afirm\u00f3 el presidente de la Junta de Coordinaci\u00f3n Pol\u00edtica en la LXXIII Legislatura local, \u00c1ngel Cedillo Hern\u00e1ndez.<\/span><\/p>\n<p class=\"x_MsoNormal\"><span lang=\"ES\">\u00a0El legislador a\u00f1adi\u00f3 que otro tema en el que se requiere profundamente trabajar es tambi\u00e9n en el combate a la discriminaci\u00f3n tema que sigue siendo un enorme tal\u00f3n de Aquiles en nuestras relaciones humanas.<\/span><\/p>\n<p class=\"x_MsoNormal\"><span lang=\"ES\">Consider\u00f3 que la pobreza, violencia, discriminaci\u00f3n y seguridad son temas que deben atenderse con acciones integrales, porque lamentablemente mientras no se atienda de forma clara seguir\u00e1n prevaleciendo las cifras negativas que a todos duelen y que detienen el progreso del pa\u00eds.<\/span><\/p>\n<p class=\"x_MsoNormal\"><span lang=\"ES\">En el caso de la pobreza, subray\u00f3 que M\u00e9xico debe acabar la simulaci\u00f3n sobre el combate a la pobreza y las medidas deben ser reales y efectivas que es lo que demanda la poblaci\u00f3n y en donde no se ha visto progreso alguno.<\/span><\/p>\n<p class=\"x_MsoNormal\"><span lang=\"ES\">De acuerdo con los datos reportados hace un par de semanas por el Consejo Nacional de Evaluaci\u00f3n de la Pol\u00edtica de Desarrollo Social (Coneval), indic\u00f3 el Diputado local por el Distrito de Uruapan Norte que resultan preocupantes, ya que se\u00f1alan que en los \u00faltimos ocho a\u00f1os en nuestro pa\u00eds 3.9 millones de mexicanos se sumaron a las filas de la pobreza.<\/span><\/p>\n<p class=\"x_MsoNormal\"><span lang=\"ES\">El Diputado de extracci\u00f3n perredista<b>\u00a0<\/b>consider\u00f3 grave que haya quienes piensen\u00a0que el combate a la pobreza no es una prioridad nacional, por lo que no poner el fen\u00f3meno en primer plano es resignarse a que ninguna pol\u00edtica econ\u00f3mica logre reducir el fen\u00f3meno ni siquiera en el mediano plazo.<\/span><\/p>\n<p class=\"x_MsoNormal\"><span lang=\"ES\">Para \u00c1ngel Cedillo<b>\u00a0<\/b>es motivo de alarma que mientras en 2008 en M\u00e9xico exist\u00edan un total de 49.5 millones de pobres, ocho a\u00f1os despu\u00e9s, en 2018 ya alcanzaban los 53.4 millones, \u201ces una tendencia aterradora a la que se debe atajar de manera pronta y decidida\u201d.<\/span><\/p>\n<p class=\"x_MsoNormal\"><span lang=\"ES\">El tambi\u00e9n coordinador del Grupo Parlamentario del PRD record\u00f3 que hist\u00f3ricamente el Partido de la Revoluci\u00f3n Democr\u00e1tica ha asumido como propia la lucha por erradicar las formas de violencia a las mujeres, as\u00ed como la batalla por alcanzar la paridad de g\u00e9nero, sin embargo, culturalmente existen dificultades no s\u00f3lo para que muchos hombres asuman una condici\u00f3n de igualdad de las mujeres, sino tambi\u00e9n para que las propias mujeres entiendan que la defensa de sus derechos no es una canonj\u00eda o d\u00e1diva, sino una forma de construir un mundo basado en la justicia.<\/span><\/p>\n<p class=\"x_MsoNormal\"><span lang=\"ES\">Resalt\u00f3 que es apremiante en el\u00a0\u00a0pa\u00eds que se emprendan acciones coordinadas en las que la sociedad pueda participar activamente para lograr resolver de fondo graves problemas que nos aquejan como naci\u00f3n, como lo es la seguridad, la pobreza, la discriminaci\u00f3n y la violencia.<\/span><\/p>\n<p class=\"x_MsoNormal\"><span lang=\"ES\">Finalmente reconoci\u00f3 que hay estados como Michoac\u00e1n en donde las autoridades estatales y municipales han coordinado acciones para atender estos problemas, sin embargo, reconoci\u00f3 que poco apoyo se ha tenido de la federaci\u00f3n en materia de recursos para resolverlos de ra\u00edz.<\/span><\/p>\n","protected":false},"excerpt":{"rendered":"<p>Morelia; Michoac\u00e1n, 17 de mayo de 2018.-\u00a0En nuestro pa\u00eds uno de los grandes pendientes de la agenda p\u00fablica es la instrumentaci\u00f3n de acciones efectivas que disminuyan los niveles de pobreza y\u00a0\u00a0erradiquen todas las formas de violencia que padecen las mujeres y sectores vulnerables, afirm\u00f3 el presidente de la Junta de Coordinaci\u00f3n Pol\u00edtica en la LXXIII [&hellip;]<\/p>\n","protected":false},"author":2,"featured_media":53214,"comment_status":"closed","ping_status":"closed","sticky":false,"template":"","format":"standard","meta":{"footnotes":""},"categories":[6,14],"tags":[],"class_list":["post-53213","post","type-post","status-publish","format-standard","has-post-thumbnail","hentry","category-congreso-del-estado","category-destacadas"],"_links":{"self":[{"href":"https:\/\/radiowebmx.com\/nota\/wp-json\/wp\/v2\/posts\/53213","targetHints":{"allow":["GET"]}}],"collection":[{"href":"https:\/\/radiowebmx.com\/nota\/wp-json\/wp\/v2\/posts"}],"about":[{"href":"https:\/\/radiowebmx.com\/nota\/wp-json\/wp\/v2\/types\/post"}],"author":[{"embeddable":true,"href":"https:\/\/radiowebmx.com\/nota\/wp-json\/wp\/v2\/users\/2"}],"replies":[{"embeddable":true,"href":"https:\/\/radiowebmx.com\/nota\/wp-json\/wp\/v2\/comments?post=53213"}],"version-history":[{"count":1,"href":"https:\/\/radiowebmx.com\/nota\/wp-json\/wp\/v2\/posts\/53213\/revisions"}],"predecessor-version":[{"id":53215,"href":"https:\/\/radiowebmx.com\/nota\/wp-json\/wp\/v2\/posts\/53213\/revisions\/53215"}],"wp:featuredmedia":[{"embeddable":true,"href":"https:\/\/radiowebmx.com\/nota\/wp-json\/wp\/v2\/media\/53214"}],"wp:attachment":[{"href":"https:\/\/radiowebmx.com\/nota\/wp-json\/wp\/v2\/media?parent=53213"}],"wp:term":[{"taxonomy":"category","embeddable":true,"href":"https:\/\/radiowebmx.com\/nota\/wp-json\/wp\/v2\/categories?post=53213"},{"taxonomy":"post_tag","embeddable":true,"href":"https:\/\/radiowebmx.com\/nota\/wp-json\/wp\/v2\/tags?post=53213"}],"curies":[{"name":"wp","href":"https:\/\/api.w.org\/{rel}","templated":true}]}}