{"id":53201,"date":"2018-05-17T14:44:38","date_gmt":"2018-05-17T19:44:38","guid":{"rendered":"https:\/\/radiowebmx.com\/nota\/?p=53201"},"modified":"2018-05-17T14:44:38","modified_gmt":"2018-05-17T19:44:38","slug":"ninas-y-ninos-disfrutaron-del-dia-internacional-de-los-museos","status":"publish","type":"post","link":"https:\/\/radiowebmx.com\/nota\/ninas-y-ninos-disfrutaron-del-dia-internacional-de-los-museos\/","title":{"rendered":"Ni\u00f1as y ni\u00f1os disfrutaron del D\u00eda Internacional de los Museos"},"content":{"rendered":"<p><img loading=\"lazy\" decoding=\"async\" class=\"\" src=\"https:\/\/gallery.mailchimp.com\/a4abfaea79b3e35e586fbb060\/_compresseds\/d708bd95-203e-4c5f-af8d-580f40f45857.jpg\" width=\"399\" height=\"266\" \/><\/p>\n<p>&nbsp;<\/p>\n<ul>\n<li><strong>Los recintos ubicados en Morelia se reunieron para difundir el conocimiento a trav\u00e9s de juegos, talleres y actividades l\u00fadicas.<\/strong><\/li>\n<\/ul>\n<p><strong><br \/>\nMorelia, Michoac\u00e1n, a 17 de mayo de 2018.-<\/strong>\u00a0Juegos, talleres y actividades l\u00fadicas y de aprendizaje, conformaron las acciones que, en el marco de la celebraci\u00f3n del D\u00eda Internacional de los Museos, fueron organizadas por la Red de Museos Michoacanos, en esta ocasi\u00f3n y por primera vez en el Centro Cultural Clavijero, en un horario de 9:00 a 14:00 horas.<br \/>\nLa directora del recinto anfitri\u00f3n, Sandra Aguilera Anaya, \u00a0record\u00f3 que el 18 de mayo se festeja en el mundo el D\u00eda Internacional de los Museos, por lo que se ofrecieron talleres dirigidos a ni\u00f1as y ni\u00f1os de diferentes escuelas, quienes tambi\u00e9n tuvieron oportunidad de visitar las diferentes salas del Centro Cultural Clavijero, en especial la que alberga la muestra \u201cFragmentos de la Ruptura\u201d,\u00a0 que re\u00fane\u00a0 piezas representativas del arte abstracto, y que fue tema de un juego de pistas a manera de sopas de letras. Adem\u00e1s, con material reciclado, los infantes crearon un juguete.<\/p>\n<p>La Universidad Michoacana de San Nicol\u00e1s de Hidalgo (UMSNH) se sum\u00f3 a esta actividad con un tablero de ajedrez gigante. Tambi\u00e9n hubo una loter\u00eda.<\/p>\n<p>Finalmente, la Directora del Centro Cultural Clavijero extendi\u00f3 una invitaci\u00f3n a las y los infantes para que visiten junto a sus pap\u00e1s o maestros, los diferentes museos ubicados en la entidad y record\u00f3 que el dicho recinto cuenta con el proyecto \u201cPandilla Clavijero\u201d, a trav\u00e9s del cual de mayo a junio, ofrecer\u00e1 actividades los fines de semana.<\/p>\n<p>Otro de los museos participantes en esta celebraci\u00f3n fue el de Arte Contempor\u00e1neo Alfredo Zalce. Myrna Mora Armenta, integrante del \u00e1rea de servicios educativos explic\u00f3 que las y los menores se organizaron en equipos para armar rompecabezas alusivos a la obra del muralista nacido en P\u00e1tzcuaro.<\/p>\n<p>Las y los ni\u00f1os que acudieron a este taller tambi\u00e9n escucharon una explicaci\u00f3n sobre la vida y obra del artista michoacano, quien fue reconocido al incursionar en disciplinas del arte como la pintura, la escultura y la fotograf\u00eda, y figura emblem\u00e1tica del arte moderno mexicano.<\/p>\n<p>Por su parte, del Museo de Arte Colonial (Macol) brind\u00f3\u00a0 un\u00a0 taller\u00a0 de papiroflexia, de manera que pudieron crear un par de figuras. Mar\u00eda Teresa Serv\u00edn Guzm\u00e1n, quien forma parte del \u00e1rea de Servicios Educativos de este museo indic\u00f3 que se contaba con capacidad para atender a 25 ni\u00f1as y ni\u00f1os, quienes con esta actividad pudieron desarrollar habilidades motoras.<\/p>\n<p>Serv\u00edn Guzm\u00e1n expres\u00f3 que \u00e9sta es una muestra de la serie de talleres que el Macol ofrece a sus visitantes.<\/p>\n<p>A su vez, Rita Mar\u00eda Hern\u00e1ndez Hern\u00e1ndez, responsable del Museo Archivo Hist\u00f3rico del Poder Judicial, expres\u00f3 que estas actividades se ofrecen como integrante de la Red de Museos Michoacanos, y para dar continuidad a los trabajos que se han realizado ya hace m\u00e1s de 8 a\u00f1os consecutivos.<\/p>\n<p>Tambi\u00e9n manifest\u00f3 su gusto por realizar los talleres con los colegas, directivos y personal de servicios educativos en el CCC, a fin de mostrar a las escuelas que los museos se unen para conmemorar el 18 de mayo como el D\u00eda Internacional de los Museos.<\/p>\n<p>Hern\u00e1ndez Hern\u00e1ndez se\u00f1al\u00f3 que espec\u00edficamente el Museo Hist\u00f3rico del Poder Judicial organiz\u00f3 tres actividades, siendo una de ellas el rescate del juego de \u201cSerpientes y escaleras\u201d, esta vez enfocado a la difusi\u00f3n de conceptos y aspectos de la impartici\u00f3n de justicia.<\/p>\n<p>Los infantes tambi\u00e9n pudieron hacer una lapicera y armar un cubo de cart\u00f3n en el que se identificaban a los h\u00e9roes de la Independencia de M\u00e9xico, \u201cpara que el ni\u00f1o comprenda que el museo no es espacio aburrido, sino un recinto en el que puede divertirse y obtener conocimiento\u201d, dijo Rita Hern\u00e1ndez.<\/p>\n<p>A su vez Jaime Reyes Monroy, director del Museo Regional Michoacano, expres\u00f3 que este a\u00f1o, el Consejo Internacional de Museos estableci\u00f3 a la hiperconectividad como lema, con el fin de que se busquen esquemas de acercamiento al p\u00fablico a trav\u00e9s de los diferentes medios.<\/p>\n<p>El Museo Regional Michoacano brind\u00f3 talleres de moldeado de figuras prehisp\u00e1nicas en barro y de grabado, en esta ocasi\u00f3n coordinados con la Escuela de Arte de la Universidad Montrer.<br \/>\n<img loading=\"lazy\" decoding=\"async\" class=\"\" src=\"https:\/\/gallery.mailchimp.com\/a4abfaea79b3e35e586fbb060\/_compresseds\/8d5396a9-e237-4422-b61a-fcfd627aa9aa.jpg\" width=\"399\" height=\"266\" \/><\/p>\n","protected":false},"excerpt":{"rendered":"<p>&nbsp; Los recintos ubicados en Morelia se reunieron para difundir el conocimiento a trav\u00e9s de juegos, talleres y actividades l\u00fadicas. Morelia, Michoac\u00e1n, a 17 de mayo de 2018.-\u00a0Juegos, talleres y actividades l\u00fadicas y de aprendizaje, conformaron las acciones que, en el marco de la celebraci\u00f3n del D\u00eda Internacional de los Museos, fueron organizadas por la [&hellip;]<\/p>\n","protected":false},"author":2,"featured_media":53202,"comment_status":"closed","ping_status":"closed","sticky":false,"template":"","format":"standard","meta":{"footnotes":""},"categories":[14,3,60],"tags":[],"class_list":["post-53201","post","type-post","status-publish","format-standard","has-post-thumbnail","hentry","category-destacadas","category-gobierno-del-estado-de-michoacan","category-michoacan"],"_links":{"self":[{"href":"https:\/\/radiowebmx.com\/nota\/wp-json\/wp\/v2\/posts\/53201","targetHints":{"allow":["GET"]}}],"collection":[{"href":"https:\/\/radiowebmx.com\/nota\/wp-json\/wp\/v2\/posts"}],"about":[{"href":"https:\/\/radiowebmx.com\/nota\/wp-json\/wp\/v2\/types\/post"}],"author":[{"embeddable":true,"href":"https:\/\/radiowebmx.com\/nota\/wp-json\/wp\/v2\/users\/2"}],"replies":[{"embeddable":true,"href":"https:\/\/radiowebmx.com\/nota\/wp-json\/wp\/v2\/comments?post=53201"}],"version-history":[{"count":1,"href":"https:\/\/radiowebmx.com\/nota\/wp-json\/wp\/v2\/posts\/53201\/revisions"}],"predecessor-version":[{"id":53203,"href":"https:\/\/radiowebmx.com\/nota\/wp-json\/wp\/v2\/posts\/53201\/revisions\/53203"}],"wp:featuredmedia":[{"embeddable":true,"href":"https:\/\/radiowebmx.com\/nota\/wp-json\/wp\/v2\/media\/53202"}],"wp:attachment":[{"href":"https:\/\/radiowebmx.com\/nota\/wp-json\/wp\/v2\/media?parent=53201"}],"wp:term":[{"taxonomy":"category","embeddable":true,"href":"https:\/\/radiowebmx.com\/nota\/wp-json\/wp\/v2\/categories?post=53201"},{"taxonomy":"post_tag","embeddable":true,"href":"https:\/\/radiowebmx.com\/nota\/wp-json\/wp\/v2\/tags?post=53201"}],"curies":[{"name":"wp","href":"https:\/\/api.w.org\/{rel}","templated":true}]}}