{"id":53185,"date":"2018-05-15T15:16:23","date_gmt":"2018-05-15T20:16:23","guid":{"rendered":"https:\/\/radiowebmx.com\/nota\/?p=53185"},"modified":"2018-05-17T13:23:04","modified_gmt":"2018-05-17T18:23:04","slug":"necesario-reivindicar-el-papel-del-maestro-michoacano-roberto-carlos-lopez","status":"publish","type":"post","link":"https:\/\/radiowebmx.com\/nota\/necesario-reivindicar-el-papel-del-maestro-michoacano-roberto-carlos-lopez\/","title":{"rendered":"Necesario reivindicar el papel del maestro michoacano: Roberto Carlos L\u00f3pez"},"content":{"rendered":"<ul type=\"disc\">\n<li class=\"x_MsoNormal\"><strong>El presidente de la Mesa Directiva del Congreso del estado, subray\u00f3 que el presidente Enrique Pe\u00f1a Nieto contribuy\u00f3 a garantizar mejores condiciones laborales para los maestros a trav\u00e9s de la reforma educativa<\/strong><\/li>\n<\/ul>\n<p class=\"x_gmail-m31802839904411308m3264259044247218407gmail-m5885870802100771484gmail-msonospacing\" align=\"center\">\n<p class=\"x_gmail-m2149179914565268940gmail-msonospacing\"><b>Morelia;\u00a0\u00a0Michoac\u00e1n, 15 de mayo de 2018.-<\/b>\u00a0La construcci\u00f3n de un pa\u00eds m\u00e1s justo y moderno no se puede entender sin la aportaci\u00f3n valiosa que han hecho los maestros dentro del sistema educativo del pa\u00eds, afirm\u00f3 el presidente de la Mesa Directiva del Congreso del Estado, Roberto Carlos L\u00f3pez, al aseverar que es necesario reivindicar el papel del maestro michoacano que refrenda en las aulas su compromiso con los ni\u00f1os, ni\u00f1as y j\u00f3venes.<\/p>\n<p class=\"x_gmail-m2149179914565268940gmail-msonospacing\">Al felicitar en el d\u00eda del maestro a los docentes michoacanos y destacar la labor en las aulas, el diputado del PRI, expuso que sin duda se debe reconocer el importante papel que juegan nuestros educadores en el desarrollo acad\u00e9mico, social y cultural en nuestra sociedad y del pa\u00eds, su participaci\u00f3n en las vidas de nuestros j\u00f3venes para hacer de M\u00e9xico un mejor pa\u00eds.<\/p>\n<p class=\"x_gmail-m2149179914565268940gmail-msonospacing\">El diputado tricolor subray\u00f3 que nuestra naci\u00f3n vive un enorme cambio en materia educativa, y esta administraci\u00f3n federal encabezada por el presidente Enrique Pe\u00f1a Nieto contribuy\u00f3 a garantizar una educaci\u00f3n de calidad a favor de todas las ni\u00f1as, ni\u00f1os y j\u00f3venes de M\u00e9xico y Michoac\u00e1n, y mejores condiciones laborales para los maestros a trav\u00e9s de la reforma educativa.<\/p>\n<p class=\"x_gmail-m2149179914565268940gmail-msonospacing\">Reconoci\u00f3 que si bien esta reforma es perfectible y ha logrado avanzar pese las resistencias a la misma, la ley ha incidido de manera positiva en el desarrollo profesional de los maestros, al existir procesos de evaluaci\u00f3n formativa para reconocer sus fortalezas y planear su desarrollo profesional, garantizar sus derechos laborales, y plantear mecanismos de promoci\u00f3n y reconocimiento que toman en cuenta los m\u00e9ritos y capacidad profesional.<\/p>\n<p class=\"x_gmail-m2149179914565268940gmail-msonospacing\">Asimismo, confi\u00f3 en que los cambios en las instituciones educativas, tambi\u00e9n alcancen a otros espacios, como es el caso de la Universidad Michoacana de San Nicol\u00e1s de Hidalgo en la que es urgente la construcci\u00f3n de la reforma a su Ley Org\u00e1nica, por lo que dio un voto de confianza en que en el pleno respeto a su autonom\u00eda, se logre construir una propuesta integral a trav\u00e9s de una mesa t\u00e9cnica en donde est\u00e9n presentes tambi\u00e9n los maestros.<\/p>\n<p class=\"x_gmail-m2149179914565268940gmail-msonospacing\">Finalmente el presidente de la Mesa Directiva, se\u00f1al\u00f3 que se reconoce la responsabilidad, la vocaci\u00f3n de servicio y el compromiso con M\u00e9xico de todos los maestros est\u00e1n en las aulas, cumplen con los ni\u00f1os, ni\u00f1as y j\u00f3venes para hacer de nuestra naci\u00f3n una gran patria, que mire con esperanza el futuro.<\/p>\n<p class=\"x_gmail-m6622162377210299271m-5915243737554836604gmail-msonospacing\">\n","protected":false},"excerpt":{"rendered":"<p>El presidente de la Mesa Directiva del Congreso del estado, subray\u00f3 que el presidente Enrique Pe\u00f1a Nieto contribuy\u00f3 a garantizar mejores condiciones laborales para los maestros a trav\u00e9s de la reforma educativa Morelia;\u00a0\u00a0Michoac\u00e1n, 15 de mayo de 2018.-\u00a0La construcci\u00f3n de un pa\u00eds m\u00e1s justo y moderno no se puede entender sin la aportaci\u00f3n valiosa que [&hellip;]<\/p>\n","protected":false},"author":2,"featured_media":53186,"comment_status":"closed","ping_status":"closed","sticky":false,"template":"","format":"standard","meta":{"footnotes":""},"categories":[6,14],"tags":[],"class_list":["post-53185","post","type-post","status-publish","format-standard","has-post-thumbnail","hentry","category-congreso-del-estado","category-destacadas"],"_links":{"self":[{"href":"https:\/\/radiowebmx.com\/nota\/wp-json\/wp\/v2\/posts\/53185","targetHints":{"allow":["GET"]}}],"collection":[{"href":"https:\/\/radiowebmx.com\/nota\/wp-json\/wp\/v2\/posts"}],"about":[{"href":"https:\/\/radiowebmx.com\/nota\/wp-json\/wp\/v2\/types\/post"}],"author":[{"embeddable":true,"href":"https:\/\/radiowebmx.com\/nota\/wp-json\/wp\/v2\/users\/2"}],"replies":[{"embeddable":true,"href":"https:\/\/radiowebmx.com\/nota\/wp-json\/wp\/v2\/comments?post=53185"}],"version-history":[{"count":1,"href":"https:\/\/radiowebmx.com\/nota\/wp-json\/wp\/v2\/posts\/53185\/revisions"}],"predecessor-version":[{"id":53187,"href":"https:\/\/radiowebmx.com\/nota\/wp-json\/wp\/v2\/posts\/53185\/revisions\/53187"}],"wp:featuredmedia":[{"embeddable":true,"href":"https:\/\/radiowebmx.com\/nota\/wp-json\/wp\/v2\/media\/53186"}],"wp:attachment":[{"href":"https:\/\/radiowebmx.com\/nota\/wp-json\/wp\/v2\/media?parent=53185"}],"wp:term":[{"taxonomy":"category","embeddable":true,"href":"https:\/\/radiowebmx.com\/nota\/wp-json\/wp\/v2\/categories?post=53185"},{"taxonomy":"post_tag","embeddable":true,"href":"https:\/\/radiowebmx.com\/nota\/wp-json\/wp\/v2\/tags?post=53185"}],"curies":[{"name":"wp","href":"https:\/\/api.w.org\/{rel}","templated":true}]}}