{"id":53178,"date":"2018-05-16T09:37:42","date_gmt":"2018-05-16T14:37:42","guid":{"rendered":"https:\/\/radiowebmx.com\/nota\/?p=53178"},"modified":"2018-05-17T13:17:06","modified_gmt":"2018-05-17T18:17:06","slug":"reforma-educativa-reivindica-el-papel-del-maestro-mario-armando-mendoza","status":"publish","type":"post","link":"https:\/\/radiowebmx.com\/nota\/reforma-educativa-reivindica-el-papel-del-maestro-mario-armando-mendoza\/","title":{"rendered":"Reforma educativa reivindica el papel del maestro: Mario Armando Mendoza"},"content":{"rendered":"<p class=\"x_m_-1022253849954654805gmail-xydp861981a5yiv0507869370ydp5b33daa1msonormal\"><strong>\u00b7\u00a0\u00a0\u00a0\u00a0\u00a0\u00a0\u00a0\u00a0\u00a0La reforma educativa avanza a pasos firmes<\/strong><\/p>\n<p class=\"x_m_-1022253849954654805gmail-xydp861981a5yiv0507869370ydp5b33daa1msonormal\"><strong>\u00b7\u00a0\u00a0\u00a0\u00a0\u00a0\u00a0\u00a0\u00a0\u00a0Garantiza derechos laborales de profesores y plantea mecanismos de promoci\u00f3n y reconocimiento que toman en cuenta su capacidad profesional\u00a0<\/strong><\/p>\n<p class=\"x_m_-1022253849954654805gmail-xydp861981a5yiv0507869370ydp5b33daa1msonormal\">\n<p class=\"x_m_-1022253849954654805gmail-xydp861981a5yiv0507869370ydp5b33daa1msonormal\"><b>Morelia; Michoac\u00e1n, 16 de mayo de 2018.-<\/b>\u00a0La reforma educativa ha incidido en profundas transformaciones en el sistema educativo del pa\u00eds, para garantizar una educaci\u00f3n de calidad a favor de todas las ni\u00f1as, ni\u00f1os y j\u00f3venes de M\u00e9xico y Michoac\u00e1n, afirm\u00f3 el diputado del PRI e integrante de la comisi\u00f3n de Educaci\u00f3n en el Congreso del Estado, Mario Armando Mendoza Guzm\u00e1n.<\/p>\n<p class=\"x_m_-1022253849954654805gmail-xydp861981a5yiv0507869370ydp5b33daa1msonormal\">El diputado del tricolor enfatiz\u00f3 que la reforma para ser una realidad ha tenido que sortear una serie de obst\u00e1culos, pero sin duda avanza a pasos firmes para garantizar una educaci\u00f3n de calidad a los ni\u00f1os y j\u00f3venes mexicanos, y mejores condiciones laborales para los maestros.<\/p>\n<p class=\"x_m_-1022253849954654805gmail-xydp861981a5yiv0507869370ydp5b33daa1msonormal\">El diputado del PRI se\u00f1al\u00f3 que hoy m\u00e1s que nunca se requiere dar continuidad a una reforma integral que estableci\u00f3 entre sus prioridades el fortalecimiento de la educaci\u00f3n p\u00fablica, mejora de la infraestructura educativa, el desarrollo del personal docente y un nuevo modelo educativo con una educaci\u00f3n inclusiva y de mayor equidad.<\/p>\n<p class=\"x_m_-1022253849954654805gmail-xydp861981a5yiv0507869370ydp5b33daa1msonormal\">Mendoza Guzm\u00e1n reconoci\u00f3 que existen a\u00fan resistencias para aplicar en su totalidad de esta reforma, sin embargo, dijo es fundamental que a partir de estas diferencias se construya un di\u00e1logo con los profesores que generen en acuerdos que impacten de manera ben\u00e9fica en una educaci\u00f3n de calidad, ya que toda norma record\u00f3 es perfectible.<\/p>\n<p class=\"x_m_-1022253849954654805gmail-xydp861981a5yiv0507869370ydp5b33daa1msonormal\">Subray\u00f3 que la reforma educativa sin duda se traducir\u00e1 en el progreso de nuestro pa\u00eds y si bien la resistencia deriva las nuevas reglas para evitar pr\u00e1cticas de corrupci\u00f3n, propone el respeto de los derechos laborales de los maestros, generando un proceso de evaluaci\u00f3n para la promoci\u00f3n y desempe\u00f1o, en donde se reconozca el papel de los docentes.<\/p>\n<p class=\"x_m_-1022253849954654805gmail-xydp861981a5yiv0507869370ydp5b33daa1msonormal\">El diputado del PRI reconoci\u00f3 a los profesores que han estado dispuestos a participar en la evaluaci\u00f3n del desempe\u00f1o docente, expres\u00f3 que esto reivindica la profesi\u00f3n que ha sido tan castigada en los \u00faltimos a\u00f1os, pero tambi\u00e9n compromete a que cuenten con mejores condiciones laborales.<\/p>\n","protected":false},"excerpt":{"rendered":"<p>\u00b7\u00a0\u00a0\u00a0\u00a0\u00a0\u00a0\u00a0\u00a0\u00a0La reforma educativa avanza a pasos firmes \u00b7\u00a0\u00a0\u00a0\u00a0\u00a0\u00a0\u00a0\u00a0\u00a0Garantiza derechos laborales de profesores y plantea mecanismos de promoci\u00f3n y reconocimiento que toman en cuenta su capacidad profesional\u00a0 Morelia; Michoac\u00e1n, 16 de mayo de 2018.-\u00a0La reforma educativa ha incidido en profundas transformaciones en el sistema educativo del pa\u00eds, para garantizar una educaci\u00f3n de calidad a favor de [&hellip;]<\/p>\n","protected":false},"author":2,"featured_media":53179,"comment_status":"closed","ping_status":"closed","sticky":false,"template":"","format":"standard","meta":{"footnotes":""},"categories":[6,14],"tags":[],"class_list":["post-53178","post","type-post","status-publish","format-standard","has-post-thumbnail","hentry","category-congreso-del-estado","category-destacadas"],"_links":{"self":[{"href":"https:\/\/radiowebmx.com\/nota\/wp-json\/wp\/v2\/posts\/53178","targetHints":{"allow":["GET"]}}],"collection":[{"href":"https:\/\/radiowebmx.com\/nota\/wp-json\/wp\/v2\/posts"}],"about":[{"href":"https:\/\/radiowebmx.com\/nota\/wp-json\/wp\/v2\/types\/post"}],"author":[{"embeddable":true,"href":"https:\/\/radiowebmx.com\/nota\/wp-json\/wp\/v2\/users\/2"}],"replies":[{"embeddable":true,"href":"https:\/\/radiowebmx.com\/nota\/wp-json\/wp\/v2\/comments?post=53178"}],"version-history":[{"count":2,"href":"https:\/\/radiowebmx.com\/nota\/wp-json\/wp\/v2\/posts\/53178\/revisions"}],"predecessor-version":[{"id":53181,"href":"https:\/\/radiowebmx.com\/nota\/wp-json\/wp\/v2\/posts\/53178\/revisions\/53181"}],"wp:featuredmedia":[{"embeddable":true,"href":"https:\/\/radiowebmx.com\/nota\/wp-json\/wp\/v2\/media\/53179"}],"wp:attachment":[{"href":"https:\/\/radiowebmx.com\/nota\/wp-json\/wp\/v2\/media?parent=53178"}],"wp:term":[{"taxonomy":"category","embeddable":true,"href":"https:\/\/radiowebmx.com\/nota\/wp-json\/wp\/v2\/categories?post=53178"},{"taxonomy":"post_tag","embeddable":true,"href":"https:\/\/radiowebmx.com\/nota\/wp-json\/wp\/v2\/tags?post=53178"}],"curies":[{"name":"wp","href":"https:\/\/api.w.org\/{rel}","templated":true}]}}