{"id":53103,"date":"2018-05-15T14:52:10","date_gmt":"2018-05-15T19:52:10","guid":{"rendered":"https:\/\/radiowebmx.com\/nota\/?p=53103"},"modified":"2018-05-15T14:52:10","modified_gmt":"2018-05-15T19:52:10","slug":"carro-completo-para-el-frente-anticipa-tono-garcia","status":"publish","type":"post","link":"https:\/\/radiowebmx.com\/nota\/carro-completo-para-el-frente-anticipa-tono-garcia\/","title":{"rendered":"Carro completo para el Frente, anticipa To\u00f1o Garc\u00eda"},"content":{"rendered":"<p><strong>Morelia, Michoac\u00e1n<\/strong>.- Las condiciones socioecon\u00f3micas del pa\u00eds est\u00e1n dadas para que los abanderados de la coalici\u00f3n Por M\u00e9xico al Frente obtengan el triunfo en las elecciones del pr\u00f3ximo 1 de julio, asegur\u00f3 el candidato al Senado de la Rep\u00fablica, <strong>Antonio Garc\u00eda Conejo.<\/strong><\/p>\n<blockquote><p>\u201cLas y los mexicanos, no solo en Michoac\u00e1n, se est\u00e1n dando cuenta de que los candidatos del Frente caminan con las mejores propuestas para potenciar el desarrollo de nuestro pa\u00eds\u201d, asever\u00f3 el ex presidente de Huetamo y ex diputado federal y local.<\/p><\/blockquote>\n<p>En el marco del inicio de campa\u00f1a de Humberto Gonz\u00e1lez Villag\u00f3mez y de Arturo Le\u00f3n Balvanera, candidatos del Frente a una diputaci\u00f3n local y a la presidencial municipal de Villa Jim\u00e9nez, respectivamente, To\u00f1o Garc\u00eda confi\u00f3 en que las y los ciudadanos apoyar\u00e1n a las y los abanderados\u00a0 de los partidos de la Revoluci\u00f3n Democr\u00e1tica (PRD), Acci\u00f3n Nacional (PAN) y Movimiento Ciudadano (MC).<\/p>\n<p>Acompa\u00f1ado del dirigente nacional del PRD, Manuel Granados Covarrubias, To\u00f1o Garc\u00eda afirm\u00f3 que con el respaldo de las dirigencias de los partidos que conforman el Frente por M\u00e9xico, los candidatos de la coalici\u00f3n avanzan a paso firme rumbo a los comicios del pr\u00f3ximo 1 de julio.<\/p>\n<p>\u201cHoy, la realidad que enfrenta nuestro pa\u00eds nos ha invitado a caminar junto al PAN y Movimiento Ciudadano, dos fuerzas pol\u00edticas que, con el PRD, caminan dispuestas a acabar con el r\u00e9gimen presidencialista que rige a la naci\u00f3n\u201d, agreg\u00f3 el oriundo de Car\u00e1cuaro.<\/p>\n<p>Junto a otros perredistas, como los candidatos a diputados federales Carlos Torres Pi\u00f1a y Mauricio Prieto G\u00f3mez, el invicto en contiendas electorales recalc\u00f3 que los partidos del Frente por M\u00e9xico caminar\u00e1n de la mano para potenciar el desarrollo socioecon\u00f3mico de la naci\u00f3n.<\/p>\n<p>En este sentido, enfatiz\u00f3 que al igual que el PRD, Acci\u00f3n Nacional y Movimiento Ciudadano basan su propuesta pol\u00edtica en cuatro ejes centrales: abatir corrupci\u00f3n, potenciar seguridad, impulsar plataformas de empleo y proteger el medio ambiente.<\/p>\n<p>Garc\u00eda Conejo refrend\u00f3 su respaldo a las y los candidatos del Frente, que este lunes iniciaron campa\u00f1a y que fortalecen el proyecto pol\u00edtico construido por los partidos de la Revoluci\u00f3n Democr\u00e1tica, Acci\u00f3n Nacional y Movimiento Ciudadano.<\/p>\n","protected":false},"excerpt":{"rendered":"<p>Morelia, Michoac\u00e1n.- Las condiciones socioecon\u00f3micas del pa\u00eds est\u00e1n dadas para que los abanderados de la coalici\u00f3n Por M\u00e9xico al Frente obtengan el triunfo en las elecciones del pr\u00f3ximo 1 de julio, asegur\u00f3 el candidato al Senado de la Rep\u00fablica, Antonio Garc\u00eda Conejo. \u201cLas y los mexicanos, no solo en Michoac\u00e1n, se est\u00e1n dando cuenta de [&hellip;]<\/p>\n","protected":false},"author":2,"featured_media":53104,"comment_status":"closed","ping_status":"closed","sticky":false,"template":"","format":"standard","meta":{"footnotes":""},"categories":[14],"tags":[],"class_list":["post-53103","post","type-post","status-publish","format-standard","has-post-thumbnail","hentry","category-destacadas"],"_links":{"self":[{"href":"https:\/\/radiowebmx.com\/nota\/wp-json\/wp\/v2\/posts\/53103","targetHints":{"allow":["GET"]}}],"collection":[{"href":"https:\/\/radiowebmx.com\/nota\/wp-json\/wp\/v2\/posts"}],"about":[{"href":"https:\/\/radiowebmx.com\/nota\/wp-json\/wp\/v2\/types\/post"}],"author":[{"embeddable":true,"href":"https:\/\/radiowebmx.com\/nota\/wp-json\/wp\/v2\/users\/2"}],"replies":[{"embeddable":true,"href":"https:\/\/radiowebmx.com\/nota\/wp-json\/wp\/v2\/comments?post=53103"}],"version-history":[{"count":1,"href":"https:\/\/radiowebmx.com\/nota\/wp-json\/wp\/v2\/posts\/53103\/revisions"}],"predecessor-version":[{"id":53105,"href":"https:\/\/radiowebmx.com\/nota\/wp-json\/wp\/v2\/posts\/53103\/revisions\/53105"}],"wp:featuredmedia":[{"embeddable":true,"href":"https:\/\/radiowebmx.com\/nota\/wp-json\/wp\/v2\/media\/53104"}],"wp:attachment":[{"href":"https:\/\/radiowebmx.com\/nota\/wp-json\/wp\/v2\/media?parent=53103"}],"wp:term":[{"taxonomy":"category","embeddable":true,"href":"https:\/\/radiowebmx.com\/nota\/wp-json\/wp\/v2\/categories?post=53103"},{"taxonomy":"post_tag","embeddable":true,"href":"https:\/\/radiowebmx.com\/nota\/wp-json\/wp\/v2\/tags?post=53103"}],"curies":[{"name":"wp","href":"https:\/\/api.w.org\/{rel}","templated":true}]}}