{"id":53094,"date":"2018-05-14T09:40:02","date_gmt":"2018-05-14T14:40:02","guid":{"rendered":"https:\/\/radiowebmx.com\/nota\/?p=53094"},"modified":"2018-05-15T14:41:30","modified_gmt":"2018-05-15T19:41:30","slug":"demos-el-gran-paso-daniela-de-los-santos-torres","status":"publish","type":"post","link":"https:\/\/radiowebmx.com\/nota\/demos-el-gran-paso-daniela-de-los-santos-torres\/","title":{"rendered":"\u201cDemos el gran paso\u201d: Daniela de los Santos Torres"},"content":{"rendered":"<p><strong>Morelia, Michoac\u00e1n<\/strong>.-\u00a0Despu\u00e9s de una intercampa\u00f1a con diversos sectores de la sociedad para poder escuchar el sentir de los ciudadanos, <strong>Daniela de los Santos Torres<\/strong> inicia su arranque de campa\u00f1a fuerte para dar el gran paso acompa\u00f1ada de los morelianos.<\/p>\n<p>Para arropar la campa\u00f1a de la candidata por Morelia, en su evento central de las 17:30 horas estar\u00e1 presente la secretaria general del <strong>Partido Revolucionario Institucional<\/strong> (PRI), Claudia Ruiz Massieu.<\/p>\n<p>Respaldada en dos elecciones ganadas de manera consecutiva, la campa\u00f1a de Daniela de los Santos ser\u00e1 de muchos recorridos y cercan\u00eda con los morelianos para refrendar su compromiso con estos ante el olvido que los ha dejado la administraci\u00f3n municipal.<\/p>\n<p>Los ejes rectores que Daniela de los Santos tendr\u00e1 para su campa\u00f1a pol\u00edtica son cuatro y se basan en la <strong>eficiencia, honestidad y sensibilidad<\/strong>, siendo el combate a la <strong>inseguridad, a la corrupci\u00f3n, el desempleo<\/strong> y lograr una eficiencia en los servicios p\u00fablicos los que habr\u00e1 de exponer a los morelianos en los siguientes d\u00edas.<\/p>\n<p>Aunque Daniela de los Santos tendr\u00e1 su evento central a las 17:30 horas de hoy, la candidata inici\u00f3 sus actividades desde las 12:01 horas de este d\u00eda con la difusi\u00f3n de un v\u00eddeo en redes sociales dirigido a los ciudadanos y con quienes se compromete a dar buenos resultados en caso de ser la pr\u00f3xima presidenta municipal.<\/p>\n<p>Dentro de sus actividades para este d\u00eda se encuentra un recorrido por la <strong>colonia La Tercera Esperanza a las 9:30 horas<\/strong>, visita al mercado de <strong>San Juan a las 11:00 horas<\/strong>, as\u00ed como diversas reuniones con sectores de la iniciativa privada y j\u00f3venes morelianos, para posteriormente concentrarse en la <strong>Plaza Morelos a las 16:30 horas<\/strong>, desde donde partir\u00e1 acompa\u00f1ada de organizaciones no gubernamentales y sectores de la sociedad hacia la calzada Fray Antonio de San Miguel para hacer oficial su arranque de campa\u00f1a y dar el gran paso junto con los morelianos.<\/p>\n","protected":false},"excerpt":{"rendered":"<p>Morelia, Michoac\u00e1n.-\u00a0Despu\u00e9s de una intercampa\u00f1a con diversos sectores de la sociedad para poder escuchar el sentir de los ciudadanos, Daniela de los Santos Torres inicia su arranque de campa\u00f1a fuerte para dar el gran paso acompa\u00f1ada de los morelianos. Para arropar la campa\u00f1a de la candidata por Morelia, en su evento central de las 17:30 [&hellip;]<\/p>\n","protected":false},"author":2,"featured_media":53095,"comment_status":"closed","ping_status":"closed","sticky":false,"template":"","format":"standard","meta":{"footnotes":""},"categories":[14],"tags":[],"class_list":["post-53094","post","type-post","status-publish","format-standard","has-post-thumbnail","hentry","category-destacadas"],"_links":{"self":[{"href":"https:\/\/radiowebmx.com\/nota\/wp-json\/wp\/v2\/posts\/53094","targetHints":{"allow":["GET"]}}],"collection":[{"href":"https:\/\/radiowebmx.com\/nota\/wp-json\/wp\/v2\/posts"}],"about":[{"href":"https:\/\/radiowebmx.com\/nota\/wp-json\/wp\/v2\/types\/post"}],"author":[{"embeddable":true,"href":"https:\/\/radiowebmx.com\/nota\/wp-json\/wp\/v2\/users\/2"}],"replies":[{"embeddable":true,"href":"https:\/\/radiowebmx.com\/nota\/wp-json\/wp\/v2\/comments?post=53094"}],"version-history":[{"count":1,"href":"https:\/\/radiowebmx.com\/nota\/wp-json\/wp\/v2\/posts\/53094\/revisions"}],"predecessor-version":[{"id":53096,"href":"https:\/\/radiowebmx.com\/nota\/wp-json\/wp\/v2\/posts\/53094\/revisions\/53096"}],"wp:featuredmedia":[{"embeddable":true,"href":"https:\/\/radiowebmx.com\/nota\/wp-json\/wp\/v2\/media\/53095"}],"wp:attachment":[{"href":"https:\/\/radiowebmx.com\/nota\/wp-json\/wp\/v2\/media?parent=53094"}],"wp:term":[{"taxonomy":"category","embeddable":true,"href":"https:\/\/radiowebmx.com\/nota\/wp-json\/wp\/v2\/categories?post=53094"},{"taxonomy":"post_tag","embeddable":true,"href":"https:\/\/radiowebmx.com\/nota\/wp-json\/wp\/v2\/tags?post=53094"}],"curies":[{"name":"wp","href":"https:\/\/api.w.org\/{rel}","templated":true}]}}