{"id":53076,"date":"2018-05-11T18:32:51","date_gmt":"2018-05-11T23:32:51","guid":{"rendered":"https:\/\/radiowebmx.com\/nota\/?p=53076"},"modified":"2018-05-15T14:14:27","modified_gmt":"2018-05-15T19:14:27","slug":"congreso-del-estado-comprometido-con-la-transparencia-roberto-carlos-lopez","status":"publish","type":"post","link":"https:\/\/radiowebmx.com\/nota\/congreso-del-estado-comprometido-con-la-transparencia-roberto-carlos-lopez\/","title":{"rendered":"Congreso del Estado, comprometido con la transparencia: Roberto Carlos L\u00f3pez"},"content":{"rendered":"<p><strong>Morelia; Michoac\u00e1n<\/strong>.-<strong>\u00a0<\/strong>El <strong>Congreso del Estado<\/strong> est\u00e1 comprometido para que al terminar la legislatura cumpla al cien por ciento con la Ley de Transparencia, afirm\u00f3 el presidente de la Mesa Directiva, el diputado <strong>Roberto Carlos L\u00f3pez Garc\u00eda<\/strong>.<\/p>\n<p>En ese tenor, L\u00f3pez Garc\u00eda sostuvo un encuentro con los representantes del Instituto Michoacano de Transparencia, Acceso a la Informaci\u00f3n y Protecci\u00f3n de Datos Personales (IMAIP), en el que tambi\u00e9n estuvieron presentes los integrantes del Comit\u00e9 de Transparencia y Acceso a la Informaci\u00f3n del Congreso del Estado.<\/p>\n<p>\u201cFue un encuentro con el <strong>IMAIP<\/strong>, porque pretendemos que, en el cierre de la legislatura, el Congreso no tenga observaciones ni se\u00f1alamientos en la ausencia de cumplimiento de la Ley de Transparencia\u201d, detall\u00f3 el diputado.<\/p>\n<p>Por lo anterior, en pr\u00f3ximos d\u00edas se llevar\u00e1 a cabo una capacitaci\u00f3n con todas las \u00e1reas que conforman el <strong>Poder Legislativo<\/strong> a fin de que cada actor conozca su tarea y permita poder dar cumplimiento a la Ley de Transparencia.<\/p>\n<p>\u201cEste taller se har\u00e1 porque a veces surgen dudas de qui\u00e9nes son los responsables de subir informaci\u00f3n al portal del Congreso o de responder a algunas peticiones de ciudadano, por eso se trabajar\u00e1 de la mano con el propio IMAIP para que quede de manera muy precisa marcada la responsabilidad de cada uno de los actores al interior de este Congreso\u201d, concluy\u00f3 Roberto Carlos L\u00f3pez.<\/p>\n<p>En el encuentro estuvieron presentes Daniel Ch\u00e1vez Garc\u00eda, comisionado Presidente del IMAIP; Jes\u00fas Ayala Hurtado, coordinador de Transparencia y Acceso a la Informaci\u00f3n en el Congreso del Estado; as\u00ed como el diputado Francisco Campos Ruiz, presidente del Comit\u00e9 de Transparencia y Acceso a la Informaci\u00f3n, entre otros.<\/p>\n","protected":false},"excerpt":{"rendered":"<p>Morelia; Michoac\u00e1n.-\u00a0El Congreso del Estado est\u00e1 comprometido para que al terminar la legislatura cumpla al cien por ciento con la Ley de Transparencia, afirm\u00f3 el presidente de la Mesa Directiva, el diputado Roberto Carlos L\u00f3pez Garc\u00eda. En ese tenor, L\u00f3pez Garc\u00eda sostuvo un encuentro con los representantes del Instituto Michoacano de Transparencia, Acceso a la [&hellip;]<\/p>\n","protected":false},"author":2,"featured_media":53077,"comment_status":"closed","ping_status":"closed","sticky":false,"template":"","format":"standard","meta":{"footnotes":""},"categories":[6,14],"tags":[],"class_list":["post-53076","post","type-post","status-publish","format-standard","has-post-thumbnail","hentry","category-congreso-del-estado","category-destacadas"],"_links":{"self":[{"href":"https:\/\/radiowebmx.com\/nota\/wp-json\/wp\/v2\/posts\/53076","targetHints":{"allow":["GET"]}}],"collection":[{"href":"https:\/\/radiowebmx.com\/nota\/wp-json\/wp\/v2\/posts"}],"about":[{"href":"https:\/\/radiowebmx.com\/nota\/wp-json\/wp\/v2\/types\/post"}],"author":[{"embeddable":true,"href":"https:\/\/radiowebmx.com\/nota\/wp-json\/wp\/v2\/users\/2"}],"replies":[{"embeddable":true,"href":"https:\/\/radiowebmx.com\/nota\/wp-json\/wp\/v2\/comments?post=53076"}],"version-history":[{"count":1,"href":"https:\/\/radiowebmx.com\/nota\/wp-json\/wp\/v2\/posts\/53076\/revisions"}],"predecessor-version":[{"id":53078,"href":"https:\/\/radiowebmx.com\/nota\/wp-json\/wp\/v2\/posts\/53076\/revisions\/53078"}],"wp:featuredmedia":[{"embeddable":true,"href":"https:\/\/radiowebmx.com\/nota\/wp-json\/wp\/v2\/media\/53077"}],"wp:attachment":[{"href":"https:\/\/radiowebmx.com\/nota\/wp-json\/wp\/v2\/media?parent=53076"}],"wp:term":[{"taxonomy":"category","embeddable":true,"href":"https:\/\/radiowebmx.com\/nota\/wp-json\/wp\/v2\/categories?post=53076"},{"taxonomy":"post_tag","embeddable":true,"href":"https:\/\/radiowebmx.com\/nota\/wp-json\/wp\/v2\/tags?post=53076"}],"curies":[{"name":"wp","href":"https:\/\/api.w.org\/{rel}","templated":true}]}}