{"id":52777,"date":"2018-05-01T18:05:59","date_gmt":"2018-05-01T23:05:59","guid":{"rendered":"https:\/\/radiowebmx.com\/nota\/?p=52777"},"modified":"2018-05-02T11:09:10","modified_gmt":"2018-05-02T16:09:10","slug":"tono-garcia-por-potenciar-la-produccion-pesquera-de-michoacan","status":"publish","type":"post","link":"https:\/\/radiowebmx.com\/nota\/tono-garcia-por-potenciar-la-produccion-pesquera-de-michoacan\/","title":{"rendered":"To\u00f1o Garc\u00eda, por potenciar la producci\u00f3n pesquera de Michoac\u00e1n"},"content":{"rendered":"<ul>\n<li><strong>En Angamacutiro, el candidato al Senado de la coalici\u00f3n Por M\u00e9xico al Frente se compromete a ampliar las gestiones de recursos para atender las carencias de los productores pesqueros de la entidad<\/strong><\/li>\n<\/ul>\n<p><strong>Morelia, Michoac\u00e1n<\/strong>.- El candidato al Senado de la Rep\u00fablica de la coalici\u00f3n Por M\u00e9xico al Frente, <strong>Antonio Garc\u00eda Conejo,<\/strong> se comprometi\u00f3 a potenciar la producci\u00f3n pesquera de<strong> Michoac\u00e1n,<\/strong> estado que actualmente ocupa el quinto lugar nacional en este rubro.<\/p>\n<p>\u201cSabemos de las carencias a las que se enfrentan los productores pesqueros de nuestro estado, y por eso vamos a ampliar las gestiones de recursos para potenciar su desarrollo\u201d, afirm\u00f3 el abanderado de los partidos de la Revoluci\u00f3n Democr\u00e1tica (PRD), Acci\u00f3n Nacional (PAN) y Movimiento Ciudadano.<\/p>\n<p>De gira en la comunidad de El Rosario, municipio de Angamacutiro, resalt\u00f3 la necesidad de trabajar en el desarrollo de la actividad pesquera, para potenciar la producci\u00f3n anual actual, que es de 25 mil toneladas anuales.<\/p>\n<p>\u201cDebemos aprovechar m\u00e1s la pesca en nuestro estado, porque Michoac\u00e1n posee un litoral de 213 kil\u00f3metros y una zona de exclusiva de 78 mil 997 kil\u00f3metros cuadrados, sin contar los 11 lagos, 600 manantiales, 44 r\u00edos, 261 presas, 195 presas derivadoras y 6 mil pozos que existen en la entidad\u201d, expuso.<\/p>\n<p>Por \u00faltimo, To\u00f1o Garc\u00eda se comprometi\u00f3 a trabajar de manera cercana con los productores pesqueros michoacanos y con todos los sectores productivos del estado.<\/p>\n","protected":false},"excerpt":{"rendered":"<p>En Angamacutiro, el candidato al Senado de la coalici\u00f3n Por M\u00e9xico al Frente se compromete a ampliar las gestiones de recursos para atender las carencias de los productores pesqueros de la entidad Morelia, Michoac\u00e1n.- El candidato al Senado de la Rep\u00fablica de la coalici\u00f3n Por M\u00e9xico al Frente, Antonio Garc\u00eda Conejo, se comprometi\u00f3 a potenciar [&hellip;]<\/p>\n","protected":false},"author":2,"featured_media":52778,"comment_status":"closed","ping_status":"closed","sticky":false,"template":"","format":"standard","meta":{"footnotes":""},"categories":[14],"tags":[],"class_list":["post-52777","post","type-post","status-publish","format-standard","has-post-thumbnail","hentry","category-destacadas"],"_links":{"self":[{"href":"https:\/\/radiowebmx.com\/nota\/wp-json\/wp\/v2\/posts\/52777","targetHints":{"allow":["GET"]}}],"collection":[{"href":"https:\/\/radiowebmx.com\/nota\/wp-json\/wp\/v2\/posts"}],"about":[{"href":"https:\/\/radiowebmx.com\/nota\/wp-json\/wp\/v2\/types\/post"}],"author":[{"embeddable":true,"href":"https:\/\/radiowebmx.com\/nota\/wp-json\/wp\/v2\/users\/2"}],"replies":[{"embeddable":true,"href":"https:\/\/radiowebmx.com\/nota\/wp-json\/wp\/v2\/comments?post=52777"}],"version-history":[{"count":1,"href":"https:\/\/radiowebmx.com\/nota\/wp-json\/wp\/v2\/posts\/52777\/revisions"}],"predecessor-version":[{"id":52779,"href":"https:\/\/radiowebmx.com\/nota\/wp-json\/wp\/v2\/posts\/52777\/revisions\/52779"}],"wp:featuredmedia":[{"embeddable":true,"href":"https:\/\/radiowebmx.com\/nota\/wp-json\/wp\/v2\/media\/52778"}],"wp:attachment":[{"href":"https:\/\/radiowebmx.com\/nota\/wp-json\/wp\/v2\/media?parent=52777"}],"wp:term":[{"taxonomy":"category","embeddable":true,"href":"https:\/\/radiowebmx.com\/nota\/wp-json\/wp\/v2\/categories?post=52777"},{"taxonomy":"post_tag","embeddable":true,"href":"https:\/\/radiowebmx.com\/nota\/wp-json\/wp\/v2\/tags?post=52777"}],"curies":[{"name":"wp","href":"https:\/\/api.w.org\/{rel}","templated":true}]}}