{"id":52763,"date":"2018-04-30T15:43:52","date_gmt":"2018-04-30T20:43:52","guid":{"rendered":"https:\/\/radiowebmx.com\/nota\/?p=52763"},"modified":"2018-05-01T12:11:22","modified_gmt":"2018-05-01T17:11:22","slug":"expo-fiesta-michoacan-2018-celebra-en-grande-el-dia-del-nino","status":"publish","type":"post","link":"https:\/\/radiowebmx.com\/nota\/expo-fiesta-michoacan-2018-celebra-en-grande-el-dia-del-nino\/","title":{"rendered":"Expo Fiesta Michoac\u00e1n 2018 celebra en grande el D\u00eda del Ni\u00f1o"},"content":{"rendered":"<p><strong>Charo, Michoac\u00e1n<\/strong>.- En la <strong>Expo Fiesta Michoac\u00e1n 2018<\/strong> la diversi\u00f3n contin\u00faa, hoy se celebra en grande el <strong>D\u00eda del Ni\u00f1o y la Ni\u00f1a<\/strong> con la presentaci\u00f3n de la Obra de Teatro \u201c<strong>Coco<\/strong>\u201d.<\/p>\n<p>Las ni\u00f1as y ni\u00f1os menores de 1.20 cm entran gratis al Recinto Ferial para disfrutar de EUPHORIA \u201cCirco sobre hielo\u201d, Ciudad de los Ni\u00f1os, Granja Infantil, Guitarra Monumental \u201cCoco\u201d, de diez juegos mec\u00e1nicos, entre otras atracciones.<\/p>\n<p>Como parte de las actividades que se desarrollar\u00e1n para festejar a las y los m\u00e1s peque\u00f1os, a las 17:00 y 19:00 horas en el Foro Cultural de manera gratuita, las y los visitantes a la Expo Fiesta Michoac\u00e1n podr\u00e1n ver la Obra de Teatro \u201cCoco\u201d, basada en la exitosa pel\u00edcula que lleva el mismo nombre, ganadora del premio Oscar como Mejor Pel\u00edcula Animada y Mejor Canci\u00f3n, una historia en donde la familia, los valores y las tradiciones, son parte central.<\/p>\n<p>Este d\u00eda, la Expo Fiesta Michoac\u00e1n 2018 ha recibido a cientos de estudiantes de diversas escuelas primarias, quienes recorrieron las instalaciones y disfrutaron de espect\u00e1culos y de diversas actividades.<\/p>\n<p>Cabe se\u00f1alar que este lunes en el Teatro del Pueblo se estar\u00e1 presentando en punto de las 21:00 horas, la cantante Paquita la del Barrio.<\/p>\n<p>Para mayor informaci\u00f3n de la Expo Fiesta Michoac\u00e1n 2018, puedes visitar la p\u00e1gina oficial www.expofiestamichoacan.mx o las redes sociales Facebook: Expo Fiesta Michoac\u00e1n y Twitter: @ExpoFiestaMich<\/p>\n","protected":false},"excerpt":{"rendered":"<p>Charo, Michoac\u00e1n.- En la Expo Fiesta Michoac\u00e1n 2018 la diversi\u00f3n contin\u00faa, hoy se celebra en grande el D\u00eda del Ni\u00f1o y la Ni\u00f1a con la presentaci\u00f3n de la Obra de Teatro \u201cCoco\u201d. Las ni\u00f1as y ni\u00f1os menores de 1.20 cm entran gratis al Recinto Ferial para disfrutar de EUPHORIA \u201cCirco sobre hielo\u201d, Ciudad de los [&hellip;]<\/p>\n","protected":false},"author":2,"featured_media":52764,"comment_status":"closed","ping_status":"closed","sticky":false,"template":"","format":"standard","meta":{"footnotes":""},"categories":[14,3,60],"tags":[],"class_list":["post-52763","post","type-post","status-publish","format-standard","has-post-thumbnail","hentry","category-destacadas","category-gobierno-del-estado-de-michoacan","category-michoacan"],"_links":{"self":[{"href":"https:\/\/radiowebmx.com\/nota\/wp-json\/wp\/v2\/posts\/52763","targetHints":{"allow":["GET"]}}],"collection":[{"href":"https:\/\/radiowebmx.com\/nota\/wp-json\/wp\/v2\/posts"}],"about":[{"href":"https:\/\/radiowebmx.com\/nota\/wp-json\/wp\/v2\/types\/post"}],"author":[{"embeddable":true,"href":"https:\/\/radiowebmx.com\/nota\/wp-json\/wp\/v2\/users\/2"}],"replies":[{"embeddable":true,"href":"https:\/\/radiowebmx.com\/nota\/wp-json\/wp\/v2\/comments?post=52763"}],"version-history":[{"count":1,"href":"https:\/\/radiowebmx.com\/nota\/wp-json\/wp\/v2\/posts\/52763\/revisions"}],"predecessor-version":[{"id":52765,"href":"https:\/\/radiowebmx.com\/nota\/wp-json\/wp\/v2\/posts\/52763\/revisions\/52765"}],"wp:featuredmedia":[{"embeddable":true,"href":"https:\/\/radiowebmx.com\/nota\/wp-json\/wp\/v2\/media\/52764"}],"wp:attachment":[{"href":"https:\/\/radiowebmx.com\/nota\/wp-json\/wp\/v2\/media?parent=52763"}],"wp:term":[{"taxonomy":"category","embeddable":true,"href":"https:\/\/radiowebmx.com\/nota\/wp-json\/wp\/v2\/categories?post=52763"},{"taxonomy":"post_tag","embeddable":true,"href":"https:\/\/radiowebmx.com\/nota\/wp-json\/wp\/v2\/tags?post=52763"}],"curies":[{"name":"wp","href":"https:\/\/api.w.org\/{rel}","templated":true}]}}