{"id":52751,"date":"2018-04-30T19:35:06","date_gmt":"2018-05-01T00:35:06","guid":{"rendered":"https:\/\/radiowebmx.com\/nota\/?p=52751"},"modified":"2018-05-01T11:43:39","modified_gmt":"2018-05-01T16:43:39","slug":"gobierno-de-michoacan-entrega-cuenta-publica-2017-al-congreso","status":"publish","type":"post","link":"https:\/\/radiowebmx.com\/nota\/gobierno-de-michoacan-entrega-cuenta-publica-2017-al-congreso\/","title":{"rendered":"Gobierno de Michoac\u00e1n entrega Cuenta P\u00fablica 2017 al Congreso"},"content":{"rendered":"<p><strong>Morelia, Michoac\u00e1n<\/strong>.-<strong>\u00a0<\/strong>En la fecha l\u00edmite que establece el art\u00edculo 60 fracci\u00f3n VIII de la Constituci\u00f3n Pol\u00edtica de Michoac\u00e1n, el Congreso del Estado recibi\u00f3 la Cuenta P\u00fablica de la Hacienda Estatal del a\u00f1o 2017, de parte Poder Ejecutivo, la cual ser\u00e1 integrada en la orden del d\u00eda en la pr\u00f3xima sesi\u00f3n.<\/p>\n<p>Ezequiel Hern\u00e1ndez Arteaga, secretario de Servicios Parlamentarios, recibi\u00f3 de manos de Carlos Maldonado Mendoza, secretario de Finanzas, el documento y los anexos.<\/p>\n<figure id=\"attachment_515430\" class=\"wp-caption aligncenter\" style=\"width: 398px;\"><img loading=\"lazy\" decoding=\"async\" class=\"wp-image-515430 \" src=\"https:\/\/www.mimorelia.com\/wp-content\/uploads\/2018\/04\/noticias\/30\/carlos-maldonado.jpg\" sizes=\"auto, (max-width: 640px) 100vw, 640px\" srcset=\"https:\/\/www.mimorelia.com\/wp-content\/uploads\/2018\/04\/noticias\/30\/carlos-maldonado.jpg 640w, https:\/\/www.mimorelia.com\/wp-content\/uploads\/2018\/04\/noticias\/30\/carlos-maldonado-300x169.jpg 300w\" alt=\"Carlos Maldonado, Finanzas, cuenta p\u00fablica\" width=\"398\" height=\"224\" \/><figcaption class=\"wp-caption-text\"><\/figcaption><\/figure>\n<p>La comunicaci\u00f3n ser\u00e1 presentada al pleno y la Cuenta P\u00fablica remitida a la Comisi\u00f3n Inspectora de la Auditor\u00eda Superior de Michoac\u00e1n, la cual a\u00a0 su vez la har\u00e1 llegar a la Auditor\u00eda Superior de Michoac\u00e1n (<strong>ASM<\/strong>) para que inicie la revisi\u00f3n y fiscalizaci\u00f3n de la misma.<\/p>\n<p>La <strong>ASM<\/strong> tiene hasta el 15 de febrero de 2019, para presentar el informe de resultados a la Comisi\u00f3n Inspectora.<\/p>\n<p>La Cuenta P\u00fablica Estatal, de acuerdo a la Constituci\u00f3n local, debe estar dictaminada\u00a0por parte de la\u00a0Comisi\u00f3n de Presupuesto y Cuenta P\u00fablica\u00a0al a\u00f1o de su entrega al Congreso del Estado, tomando en cuenta el informe de la Comisi\u00f3n Inspectora de la ASM.<\/p>\n","protected":false},"excerpt":{"rendered":"<p>Morelia, Michoac\u00e1n.-\u00a0En la fecha l\u00edmite que establece el art\u00edculo 60 fracci\u00f3n VIII de la Constituci\u00f3n Pol\u00edtica de Michoac\u00e1n, el Congreso del Estado recibi\u00f3 la Cuenta P\u00fablica de la Hacienda Estatal del a\u00f1o 2017, de parte Poder Ejecutivo, la cual ser\u00e1 integrada en la orden del d\u00eda en la pr\u00f3xima sesi\u00f3n. Ezequiel Hern\u00e1ndez Arteaga, secretario de [&hellip;]<\/p>\n","protected":false},"author":2,"featured_media":52752,"comment_status":"closed","ping_status":"closed","sticky":false,"template":"","format":"standard","meta":{"footnotes":""},"categories":[14],"tags":[],"class_list":["post-52751","post","type-post","status-publish","format-standard","has-post-thumbnail","hentry","category-destacadas"],"_links":{"self":[{"href":"https:\/\/radiowebmx.com\/nota\/wp-json\/wp\/v2\/posts\/52751","targetHints":{"allow":["GET"]}}],"collection":[{"href":"https:\/\/radiowebmx.com\/nota\/wp-json\/wp\/v2\/posts"}],"about":[{"href":"https:\/\/radiowebmx.com\/nota\/wp-json\/wp\/v2\/types\/post"}],"author":[{"embeddable":true,"href":"https:\/\/radiowebmx.com\/nota\/wp-json\/wp\/v2\/users\/2"}],"replies":[{"embeddable":true,"href":"https:\/\/radiowebmx.com\/nota\/wp-json\/wp\/v2\/comments?post=52751"}],"version-history":[{"count":1,"href":"https:\/\/radiowebmx.com\/nota\/wp-json\/wp\/v2\/posts\/52751\/revisions"}],"predecessor-version":[{"id":52753,"href":"https:\/\/radiowebmx.com\/nota\/wp-json\/wp\/v2\/posts\/52751\/revisions\/52753"}],"wp:featuredmedia":[{"embeddable":true,"href":"https:\/\/radiowebmx.com\/nota\/wp-json\/wp\/v2\/media\/52752"}],"wp:attachment":[{"href":"https:\/\/radiowebmx.com\/nota\/wp-json\/wp\/v2\/media?parent=52751"}],"wp:term":[{"taxonomy":"category","embeddable":true,"href":"https:\/\/radiowebmx.com\/nota\/wp-json\/wp\/v2\/categories?post=52751"},{"taxonomy":"post_tag","embeddable":true,"href":"https:\/\/radiowebmx.com\/nota\/wp-json\/wp\/v2\/tags?post=52751"}],"curies":[{"name":"wp","href":"https:\/\/api.w.org\/{rel}","templated":true}]}}