{"id":52745,"date":"2018-04-28T16:22:42","date_gmt":"2018-04-28T21:22:42","guid":{"rendered":"https:\/\/radiowebmx.com\/nota\/?p=52745"},"modified":"2018-04-30T14:25:19","modified_gmt":"2018-04-30T19:25:19","slug":"fortaleceran-asociacion-nacional-de-egresados-de-chapingo","status":"publish","type":"post","link":"https:\/\/radiowebmx.com\/nota\/fortaleceran-asociacion-nacional-de-egresados-de-chapingo\/","title":{"rendered":"Fortalecer\u00e1n Asociaci\u00f3n Nacional de Egresados de Chapingo"},"content":{"rendered":"<p><img loading=\"lazy\" decoding=\"async\" class=\"\" title=\"da91d78c-302f-493a-9658-2a387f52d7d8\" src=\"http:\/\/michoacan.gob.mx\/wp-content\/uploads\/2018\/04\/da91d78c-302f-493a-9658-2a387f52d7d8.jpeg\" alt=\"\" width=\"399\" height=\"266\" align=\"middle\" \/><\/p>\n<ul>\n<li>Asiste el Gobernador Constitucional Silvano Aureoles como invitado de honor de la Anech, para clausurar el Congreso Nacional de Egresados de Chapingo.<\/li>\n<li>Apadrina el mandatario estatal a egresados y egresadas de la Facultad de Derecho de la Barra Nacional de Abogados.<\/li>\n<\/ul>\n<p><strong>Ciudad de M\u00e9xico, a 28 de abril de 2018.-<\/strong> Bajo las premisas de reencontrarse, rendir homenaje a quienes han dado ejemplo con su trayectoria de vida, manifestar la pluralidad y fortalecer al sector agropecuario, esta tarde se celebr\u00f3 la clausura del Congreso Nacional de Egresados de Chapingo.<\/p>\n<p>Al asistir como invitado de honor por parte de la Asociaci\u00f3n Nacional de Egresados de Chapingo (Anech) para presidir la clausura del mismo, el Gobernador Constitucional, Silvano Aureoles Conejo, se pronunci\u00f3 -como egresado de la Universidad- a darle vida a esta asociaci\u00f3n, a fin de que se ponga en movimiento y que siga aportando tanto como lo ha hecho al pa\u00eds.<\/p>\n<p>Se dijo orgulloso de ser egresado de una de las universidades de agronom\u00eda m\u00e1s prestigiadas del pa\u00eds y conmin\u00f3 a todos y todas a seguir poniendo en alto el nombre de la instituci\u00f3n; comparti\u00f3 tambi\u00e9n que el campo funge un papel fundamental para el pa\u00eds, espec\u00edficamente el michoacano que se consolida como el principal exportador a nivel nacional y mundial de berries y aguacate, adem\u00e1s de ser l\u00edder en el valor de la producci\u00f3n de diversos alimentos.<\/p>\n<p>Acompa\u00f1ado del secretario de Desarrollo Rural y Agroalimentario, Rub\u00e9n Medina Ni\u00f1o, el Gobernador aprovech\u00f3 tambi\u00e9n para reiterar su llamado a que juntas y juntos encabecen acciones a favor del medio ambiente y la producci\u00f3n sustentable.<\/p>\n<p>El presidente de la Anech, Ismael Flores Torres, detall\u00f3 que la Asociaci\u00f3n busca plantear estrategias transversales a los gobiernos, que permitan abatir las carencias alimenticias, la pobreza y pobreza extrema, brindar seguridad y respaldar a las y los productores, campesinos y la sociedad en general.<\/p>\n<p>Por ello inform\u00f3 que de este Congreso sali\u00f3 una petici\u00f3n que representa a los m\u00e1s de 40 mil egresados y egresadas de Chapingo, misma que busca llegar a quienes buscan gobernar, para que conozcan las propuestas de las y los chapingueros, en beneficio de la sociedad mexicana.<\/p>\n<p>Ah\u00ed se otorg\u00f3 un reconocimiento a dos importantes agr\u00f3nomos, que con su amplia trayectoria marcaron un antes y un despu\u00e9s, ambos egresados de la Universidad de Chapingo: Sergio Reyes Osorio y homenaje p\u00f3stumo a Ignacio M\u00e9ndez Ram\u00edrez, a quien se record\u00f3 con una semblanza proyectada ante las y los asistentes.<\/p>\n<p>En el marco de su gira de trabajo por esta ciudad, el mandatario estatal, como padrino de generaci\u00f3n de las y los egresados de la Facultad de Derecho de la Barra Nacional de Abogados, extendi\u00f3 su m\u00e1ximo reconocimiento a esta instituci\u00f3n y su felicitaci\u00f3n a quienes hoy concluyen este periodo.<\/p>\n<p>Ante los y las 152 egresadas de la licenciatura y doctorado en Derecho, as\u00ed como de las 4 maestr\u00edas con las que cuenta esta Universidad, el titular del Ejecutivo en Michoac\u00e1n resalt\u00f3 la importancia de la entidad en el marco nacional, pues fue en el estado donde se crearon los Poderes Ejecutivo, Legislativo y Judicial.<\/p>\n<p>Se dijo sorprendido del nivel educativo de la facultad, as\u00ed como el compromiso de las y los docentes que forman a grandes profesionistas, a quienes conmin\u00f3 a seguirse preparando y con ello abonar al desarrollo del pa\u00eds.<\/p>\n<p>Xavier G\u00f3mez Coronel, presidente de la Barra Nacional de Abogados, destac\u00f3 que la clausura fue celebrada en el 20 aniversario de la facultad de Derecho y el 35 aniversario de la Barra; llam\u00f3 a las y a las y los estudiantes a compartir lo aprendido y continuar escalando m\u00e1s pelda\u00f1os.<\/p>\n<p>Finalmente, agradeci\u00f3 la presencia de Aureoles Conejo en esta clausura, y le reiter\u00f3 que la Barra Nacional de Abogados est\u00e1 a sus \u00f3rdenes, \u201ces un honor que nos distinga con su presencia, y que haya venido desde el hermoso estado de Michoac\u00e1n\u201d.<\/p>\n<p>El Gobernador realiz\u00f3 un recorrido junto con las autoridades de esta instituci\u00f3n, en donde conoci\u00f3 cada una de las aulas en las que diariamente se forman profesionistas.<\/p>\n<p>&nbsp;<\/p>\n<p><img loading=\"lazy\" decoding=\"async\" class=\"\" title=\"1eb88563-70ae-4e01-9ab5-f7498b97b75f\" src=\"http:\/\/michoacan.gob.mx\/wp-content\/uploads\/2018\/04\/1eb88563-70ae-4e01-9ab5-f7498b97b75f.jpeg\" alt=\"\" width=\"402\" height=\"268\" align=\"middle\" \/><\/p>\n","protected":false},"excerpt":{"rendered":"<p>Asiste el Gobernador Constitucional Silvano Aureoles como invitado de honor de la Anech, para clausurar el Congreso Nacional de Egresados de Chapingo. Apadrina el mandatario estatal a egresados y egresadas de la Facultad de Derecho de la Barra Nacional de Abogados. Ciudad de M\u00e9xico, a 28 de abril de 2018.- Bajo las premisas de reencontrarse, [&hellip;]<\/p>\n","protected":false},"author":2,"featured_media":52746,"comment_status":"closed","ping_status":"closed","sticky":false,"template":"","format":"standard","meta":{"footnotes":""},"categories":[14,3,60],"tags":[],"class_list":["post-52745","post","type-post","status-publish","format-standard","has-post-thumbnail","hentry","category-destacadas","category-gobierno-del-estado-de-michoacan","category-michoacan"],"_links":{"self":[{"href":"https:\/\/radiowebmx.com\/nota\/wp-json\/wp\/v2\/posts\/52745","targetHints":{"allow":["GET"]}}],"collection":[{"href":"https:\/\/radiowebmx.com\/nota\/wp-json\/wp\/v2\/posts"}],"about":[{"href":"https:\/\/radiowebmx.com\/nota\/wp-json\/wp\/v2\/types\/post"}],"author":[{"embeddable":true,"href":"https:\/\/radiowebmx.com\/nota\/wp-json\/wp\/v2\/users\/2"}],"replies":[{"embeddable":true,"href":"https:\/\/radiowebmx.com\/nota\/wp-json\/wp\/v2\/comments?post=52745"}],"version-history":[{"count":1,"href":"https:\/\/radiowebmx.com\/nota\/wp-json\/wp\/v2\/posts\/52745\/revisions"}],"predecessor-version":[{"id":52747,"href":"https:\/\/radiowebmx.com\/nota\/wp-json\/wp\/v2\/posts\/52745\/revisions\/52747"}],"wp:featuredmedia":[{"embeddable":true,"href":"https:\/\/radiowebmx.com\/nota\/wp-json\/wp\/v2\/media\/52746"}],"wp:attachment":[{"href":"https:\/\/radiowebmx.com\/nota\/wp-json\/wp\/v2\/media?parent=52745"}],"wp:term":[{"taxonomy":"category","embeddable":true,"href":"https:\/\/radiowebmx.com\/nota\/wp-json\/wp\/v2\/categories?post=52745"},{"taxonomy":"post_tag","embeddable":true,"href":"https:\/\/radiowebmx.com\/nota\/wp-json\/wp\/v2\/tags?post=52745"}],"curies":[{"name":"wp","href":"https:\/\/api.w.org\/{rel}","templated":true}]}}