{"id":52739,"date":"2018-04-27T20:05:48","date_gmt":"2018-04-28T01:05:48","guid":{"rendered":"https:\/\/radiowebmx.com\/nota\/?p=52739"},"modified":"2018-04-30T14:12:48","modified_gmt":"2018-04-30T19:12:48","slug":"inicia-la-expo-fiesta-michoacan-2018","status":"publish","type":"post","link":"https:\/\/radiowebmx.com\/nota\/inicia-la-expo-fiesta-michoacan-2018\/","title":{"rendered":"\u00a1Inicia la Expo Fiesta Michoac\u00e1n 2018!"},"content":{"rendered":"<p><img loading=\"lazy\" decoding=\"async\" class=\"\" title=\"461a4dd5-9c59-4cfc-8a5e-937a88325740\" src=\"http:\/\/michoacan.gob.mx\/wp-content\/uploads\/2018\/04\/461a4dd5-9c59-4cfc-8a5e-937a88325740.jpg\" alt=\"\" width=\"401\" height=\"267\" align=\"middle\" \/><\/p>\n<ul>\n<li>En un ambiente festivo, inaugura el Gobernador Silvano Aureoles la Expo Fiesta Michoac\u00e1n 2018.<\/li>\n<li>Se espera una afluencia hist\u00f3rica de 850 mil visitantes en esta edici\u00f3n.<\/li>\n<\/ul>\n<p><strong>La Goleta, mpio. de Charo, Michoac\u00e1n, a 27 de abril de 2018.-<\/strong> Con el \u00e1nimo de que sea un espacio de encuentro para las michoacanas y los michoacanos, visitantes y un verdadero festejo del pueblo, el Gobernador Constitucional Silvano Aureoles Conejo inaugur\u00f3 la Expo Fiesta Michoac\u00e1n 2018, en la que se espera una afluencia hist\u00f3rica de 850 mil visitantes.<\/p>\n<p>En un ambiente lleno de colorido y fiesta, el Gobernador de Michoac\u00e1n destac\u00f3 que en esta edici\u00f3n se dio un giro para que todos y todas puedan asistir a cada una de las actividades que se tienen contempladas en la Expo Fiesta Michoac\u00e1n 2018.<\/p>\n<p>\u201cEl prop\u00f3sito es que nuestra fiesta sea m\u00e1s popular, m\u00e1s del pueblo, con menos eventos especiales y m\u00e1s del reencuentro con la gente\u201d, manifest\u00f3.<\/p>\n<p>Agreg\u00f3 que este es un espacio propicio para difundir lo que somos como entidad, as\u00ed como nuestras riquezas; \u201csomos un gran estado\u201d.<\/p>\n<p>En su oportunidad, el titular de la Secretar\u00eda de Desarrollo Econ\u00f3mico (Sedeco), Jes\u00fas Melgoza Vel\u00e1zquez, detall\u00f3 que en la Expo Fiesta Michoac\u00e1n 2018 se plantearon dos objetivos centrales: compartir el verdadero rostro de Michoac\u00e1n, es decir, presumir al estado; as\u00ed como el fortalecimiento de la econom\u00eda estatal, ya que se espera lograr una derrama de 650 millones de pesos, a trav\u00e9s del impulso a la promoci\u00f3n y la comercializaci\u00f3n de los productos michoacanos.<\/p>\n<p>Destac\u00f3 que las y los visitantes podr\u00e1n disfrutar de exquisitos platillos preparados por las Cocineras Tradicionales, adem\u00e1s de adquirir las artesan\u00edas elaboradas por las manos m\u00e1gicas de las y los orfebres de la entidad.<\/p>\n<p>En una superficie de 150 mil metros cuadrados, m\u00e1s de mil 500 expositores, comerciantes, artesanas y artesanos presentar\u00e1n sus productos y mostrar\u00e1n la mejor cara de Michoac\u00e1n.<\/p>\n<p>De igual manera, hizo un reconocimiento<br \/>\na las empresas HPH, Arcelor Mital, Kansas City Southern; as\u00ed como a las c\u00e1maras empresariales de la entidad, entre otros, por el gran inter\u00e9s que han mostrado para participar en esta edici\u00f3n.<\/p>\n<p>Durante esta actividad, el mandatario estatal realiz\u00f3 el corte de list\u00f3n inaugural del Pabell\u00f3n Michoac\u00e1n y posteriormente recorri\u00f3 dicha a\u00e9rea donde se exhibe un amplio panorama de los atractivos productivos, artesanales y tur\u00edsticos con que cuenta el estado, y en el que las personas descubrir\u00e1n el Puerto de L\u00e1zaro C\u00e1rdenas, pues se mostrar\u00e1n sus riquezas naturales, as\u00ed como el desarrollo de la Zona Econ\u00f3mica Especial (ZEE).<\/p>\n<p>Es importante mencionar que con el boleto de entrada -que tiene un costo de 40 pesos- las y los visitantes podr\u00e1n disfrutar de la Ciudad de los Ni\u00f1os, la obra de teatro \u201cCoco\u201d, Euphoria Circo sobre Hielo, conciertos en el Teatro del Pueblo, 10 juegos mec\u00e1nicos, Exposici\u00f3n de la Guitarra Monumental de \u201cCoco\u201d, Mansi\u00f3n del Terror, Granja Infantil, la Exposici\u00f3n Ganadera, el Pabell\u00f3n Michoac\u00e1n, as\u00ed como el International Equus Art (espect\u00e1culo ecuestre).<\/p>\n<p>La Expo Fiesta Michoac\u00e1n 2018 se realizara del 27 de abril al 20 de mayo.<\/p>\n<p>Estuvieron presentes el secretario de Gobierno, Pascual Sigala P\u00e1ez; la secretaria de Salud en Michoac\u00e1n, Diana Celia Carpio R\u00edos; el Arzobispo de Morelia, monse\u00f1or Carlos Garf\u00edas Merlos; el presidente y Representante Ejecutivo de Kansas City Southern en M\u00e9xico, Jos\u00e9 Guillermo Zozaya D\u00e9lano; el secretario de Desarrollo Rural y Agroalimentario, Rub\u00e9n Medina Ni\u00f1o.<\/p>\n<p>As\u00ed como la secretaria de Turismo, Claudia Ch\u00e1vez L\u00f3pez; la coordinadora general de Comunicaci\u00f3n Social, Julieta L\u00f3pez Bautista; los presidentes municipales de Morelia, Alfonso Mart\u00ednez Alc\u00e1zar y de Charo, Ramon Hern\u00e1ndez Y\u00e9pez; la presidenta de la Uni\u00f3n de Artesanos de Michoac\u00e1n, Emilia Oseguera Reyes; as\u00ed como diversas autoridades y familias que se dieron cita a la Expo Fiesta.<\/p>\n<p>&nbsp;<\/p>\n<p><img loading=\"lazy\" decoding=\"async\" class=\"\" title=\"08b09493-9fb1-4d00-ab63-612cad396f65\" src=\"http:\/\/michoacan.gob.mx\/wp-content\/uploads\/2018\/04\/08b09493-9fb1-4d00-ab63-612cad396f65.jpg\" alt=\"\" width=\"401\" height=\"267\" align=\"middle\" \/><\/p>\n<p><img loading=\"lazy\" decoding=\"async\" class=\"\" title=\"449c4afd-d162-4933-8889-92350a9d89ff\" src=\"http:\/\/michoacan.gob.mx\/wp-content\/uploads\/2018\/04\/449c4afd-d162-4933-8889-92350a9d89ff.jpg\" alt=\"\" width=\"400\" height=\"284\" align=\"middle\" \/><\/p>\n<p><img loading=\"lazy\" decoding=\"async\" class=\"entry-banner\" src=\"http:\/\/michoacan.gob.mx\/wp-content\/uploads\/2018\/04\/9012d4f9-df5f-48d7-a6e0-76916f0b96ad.jpg\" width=\"401\" height=\"267\" \/><\/p>\n","protected":false},"excerpt":{"rendered":"<p>En un ambiente festivo, inaugura el Gobernador Silvano Aureoles la Expo Fiesta Michoac\u00e1n 2018. Se espera una afluencia hist\u00f3rica de 850 mil visitantes en esta edici\u00f3n. La Goleta, mpio. de Charo, Michoac\u00e1n, a 27 de abril de 2018.- Con el \u00e1nimo de que sea un espacio de encuentro para las michoacanas y los michoacanos, visitantes [&hellip;]<\/p>\n","protected":false},"author":2,"featured_media":52740,"comment_status":"closed","ping_status":"closed","sticky":false,"template":"","format":"standard","meta":{"footnotes":""},"categories":[14,3,60],"tags":[],"class_list":["post-52739","post","type-post","status-publish","format-standard","has-post-thumbnail","hentry","category-destacadas","category-gobierno-del-estado-de-michoacan","category-michoacan"],"_links":{"self":[{"href":"https:\/\/radiowebmx.com\/nota\/wp-json\/wp\/v2\/posts\/52739","targetHints":{"allow":["GET"]}}],"collection":[{"href":"https:\/\/radiowebmx.com\/nota\/wp-json\/wp\/v2\/posts"}],"about":[{"href":"https:\/\/radiowebmx.com\/nota\/wp-json\/wp\/v2\/types\/post"}],"author":[{"embeddable":true,"href":"https:\/\/radiowebmx.com\/nota\/wp-json\/wp\/v2\/users\/2"}],"replies":[{"embeddable":true,"href":"https:\/\/radiowebmx.com\/nota\/wp-json\/wp\/v2\/comments?post=52739"}],"version-history":[{"count":1,"href":"https:\/\/radiowebmx.com\/nota\/wp-json\/wp\/v2\/posts\/52739\/revisions"}],"predecessor-version":[{"id":52741,"href":"https:\/\/radiowebmx.com\/nota\/wp-json\/wp\/v2\/posts\/52739\/revisions\/52741"}],"wp:featuredmedia":[{"embeddable":true,"href":"https:\/\/radiowebmx.com\/nota\/wp-json\/wp\/v2\/media\/52740"}],"wp:attachment":[{"href":"https:\/\/radiowebmx.com\/nota\/wp-json\/wp\/v2\/media?parent=52739"}],"wp:term":[{"taxonomy":"category","embeddable":true,"href":"https:\/\/radiowebmx.com\/nota\/wp-json\/wp\/v2\/categories?post=52739"},{"taxonomy":"post_tag","embeddable":true,"href":"https:\/\/radiowebmx.com\/nota\/wp-json\/wp\/v2\/tags?post=52739"}],"curies":[{"name":"wp","href":"https:\/\/api.w.org\/{rel}","templated":true}]}}