{"id":52733,"date":"2018-04-27T19:51:14","date_gmt":"2018-04-28T00:51:14","guid":{"rendered":"https:\/\/radiowebmx.com\/nota\/?p=52733"},"modified":"2018-04-30T13:54:38","modified_gmt":"2018-04-30T18:54:38","slug":"cuenta-zamora-con-nueva-sede-de-pgje-y-fiscalia-regional","status":"publish","type":"post","link":"https:\/\/radiowebmx.com\/nota\/cuenta-zamora-con-nueva-sede-de-pgje-y-fiscalia-regional\/","title":{"rendered":"Cuenta Zamora con nueva sede de PGJE y Fiscal\u00eda Regional"},"content":{"rendered":"<p><img loading=\"lazy\" decoding=\"async\" class=\"wp-image-32403 aligncenter\" src=\"http:\/\/michoacan.gob.mx\/wp-content\/uploads\/2018\/04\/226cad3b-8019-4adf-9122-6f04a4291a26-1.jpeg\" sizes=\"auto, (max-width: 1280px) 100vw, 1280px\" srcset=\"http:\/\/michoacan.gob.mx\/wp-content\/uploads\/2018\/04\/226cad3b-8019-4adf-9122-6f04a4291a26-1.jpeg 1280w, http:\/\/michoacan.gob.mx\/wp-content\/uploads\/2018\/04\/226cad3b-8019-4adf-9122-6f04a4291a26-1-300x200.jpeg 300w, http:\/\/michoacan.gob.mx\/wp-content\/uploads\/2018\/04\/226cad3b-8019-4adf-9122-6f04a4291a26-1-768x512.jpeg 768w, http:\/\/michoacan.gob.mx\/wp-content\/uploads\/2018\/04\/226cad3b-8019-4adf-9122-6f04a4291a26-1-1024x682.jpeg 1024w, http:\/\/michoacan.gob.mx\/wp-content\/uploads\/2018\/04\/226cad3b-8019-4adf-9122-6f04a4291a26-1-450x300.jpeg 450w, http:\/\/michoacan.gob.mx\/wp-content\/uploads\/2018\/04\/226cad3b-8019-4adf-9122-6f04a4291a26-1-100x67.jpeg 100w, http:\/\/michoacan.gob.mx\/wp-content\/uploads\/2018\/04\/226cad3b-8019-4adf-9122-6f04a4291a26-1-225x150.jpeg 225w\" alt=\"\" width=\"401\" height=\"267\" \/><\/p>\n<p>&nbsp;<\/p>\n<ul>\n<li>El Gobernador Silvano Aureoles lleva a cabo recorrido por la nueva infraestructura, la cual cuenta con lineamientos del NSJP.<\/li>\n<li>Hoy Michoac\u00e1n se encuentra en un escenario distinto en materia de seguridad, destaca el mandatario michoacano.<\/li>\n<\/ul>\n<p><strong>Zamora, Michoac\u00e1n, a 27 de abril de 2018.-<\/strong> Despu\u00e9s del capital humano calificado y comprometido con su labor, tener infraestructura adecuada, digna y con las herramientas necesarias es fundamental para garantizar un efectivo acceso a la justicia, por lo que este d\u00eda se oficializ\u00f3 la apertura del edificio de la Procuradur\u00eda General de Justicia del Estado (PGJE) de acuerdo al Nuevo Sistema de Justicia Penal, y de la Fiscal\u00eda Regional de Zamora.<\/p>\n<p>Al atestiguar este evento, el Gobernador Silvano Aureoles Conejo refiri\u00f3 que hoy Michoac\u00e1n se encuentra en un escenario distinto en materia de seguridad.<\/p>\n<p>Basado en estad\u00edsticas federales, destac\u00f3 que la entidad hoy registra una disminuci\u00f3n de 90 por ciento en la incidencia del delito de extorsi\u00f3n y m\u00e1s del 70 por ciento en el n\u00famero de secuestros, lo que identifica a la Unidad Especializada de Combate al Secuestro de la PGJE, como una de las m\u00e1s s\u00f3lidas y eficaces en el pa\u00eds.<\/p>\n<p>\u201cNo vamos a descansar hasta que Michoac\u00e1n est\u00e9 libre de esos delitos y que los resolvamos con \u00e9xito\u201d, afirm\u00f3.<\/p>\n<p>El mandatario estatal mencion\u00f3 que se busca descentralizar a\u00fan m\u00e1s los servicios de procuraci\u00f3n de justicia, ya que de las siete Fiscal\u00edas Regionales que operan actualmente, se pretende aumentar a nueve o 10 unidades en otras zonas del estado.<\/p>\n<p>El secretario de Comunicaciones y Obras P\u00fablicas, Jos\u00e9 Juan Dom\u00ednguez L\u00f3pez, inform\u00f3 que estas instalaciones ocupan una extensi\u00f3n de 10 mil 225 metros cuadrados y cuentan con espacio de Atenci\u00f3n a V\u00edctimas del Secuestro, Atenci\u00f3n temprana, Ludoteca y Mediaci\u00f3n.<\/p>\n<p>Tambi\u00e9n confluyen en estas instalaciones \u00e1reas de Ministerio P\u00fablico y Fiscal\u00eda Biling\u00fces, Laboratorio qu\u00edmico, Trabajo social, Departamento de psicolog\u00eda, Servicios periciales, M\u00e9dico forense, Perito contable, entre otras.<\/p>\n<p>El titular de la PGJE, Jos\u00e9 Mart\u00edn Godoy Castro, subray\u00f3 que en apego a lo dispuesto por los c\u00f3digos penales y al Nuevo Sistema de Justicia Penal, y conscientes de que est\u00e1 regi\u00f3n concentra al mayor n\u00famero de habitantes que hablan lenguas maternas, en esta Fiscal\u00eda se cuenta con personal biling\u00fce para este sector que demanda atenci\u00f3n sin discriminaci\u00f3n.<\/p>\n<p>En esta gira de trabajo por Zamora, el Gobernador recorri\u00f3 las calles Nardo y El Rosal, en la comunidad de La Rinconada, as\u00ed como los accesos a los poblados El Sauz de Maga\u00f1a y La Labor, que fueron modernizados con carpeta asf\u00e1ltica y las respectivas guarniciones.<\/p>\n<p>Estuvieron presentes en esta gira el comandante de la 21 Zona Militar, general Gerardo M\u00e9rida S\u00e1nchez; el presidente municipal de Zamora, Jos\u00e9 Carlos Lugo God\u00ednez; las diputadas local y federal, Juanita Noem\u00ed Ram\u00edrez Bravo y Rosa Alicia \u00c1lvarez Pi\u00f1ones.<\/p>\n<p>Tambi\u00e9n el coordinador de Fiscal\u00edas Regionales, Marco Aurelio Nava Cervantes; el fiscal regional de Zamora, Nicol\u00e1s Maldonado Mill\u00e1n; la enlace estatal en la regi\u00f3n y directora del Ijumich, Giuliana Bugarini Torres, entre otras autoridades.<\/p>\n<p>&nbsp;<\/p>\n<p><img loading=\"lazy\" decoding=\"async\" class=\"aligncenter  wp-image-32406\" src=\"http:\/\/michoacan.gob.mx\/wp-content\/uploads\/2018\/04\/c6e73539-b406-4a4e-b063-f593ec1439f0-1.jpeg\" sizes=\"auto, (max-width: 1280px) 100vw, 1280px\" srcset=\"http:\/\/michoacan.gob.mx\/wp-content\/uploads\/2018\/04\/c6e73539-b406-4a4e-b063-f593ec1439f0-1.jpeg 1280w, http:\/\/michoacan.gob.mx\/wp-content\/uploads\/2018\/04\/c6e73539-b406-4a4e-b063-f593ec1439f0-1-300x200.jpeg 300w, http:\/\/michoacan.gob.mx\/wp-content\/uploads\/2018\/04\/c6e73539-b406-4a4e-b063-f593ec1439f0-1-768x512.jpeg 768w, http:\/\/michoacan.gob.mx\/wp-content\/uploads\/2018\/04\/c6e73539-b406-4a4e-b063-f593ec1439f0-1-1024x682.jpeg 1024w, http:\/\/michoacan.gob.mx\/wp-content\/uploads\/2018\/04\/c6e73539-b406-4a4e-b063-f593ec1439f0-1-450x300.jpeg 450w, http:\/\/michoacan.gob.mx\/wp-content\/uploads\/2018\/04\/c6e73539-b406-4a4e-b063-f593ec1439f0-1-100x67.jpeg 100w, http:\/\/michoacan.gob.mx\/wp-content\/uploads\/2018\/04\/c6e73539-b406-4a4e-b063-f593ec1439f0-1-225x150.jpeg 225w\" alt=\"\" width=\"399\" height=\"266\" \/><\/p>\n<p><img loading=\"lazy\" decoding=\"async\" class=\"aligncenter  wp-image-32396\" src=\"http:\/\/michoacan.gob.mx\/wp-content\/uploads\/2018\/04\/49529892-2729-4c43-9a91-52cc33e04db6-1.jpeg\" sizes=\"auto, (max-width: 1280px) 100vw, 1280px\" srcset=\"http:\/\/michoacan.gob.mx\/wp-content\/uploads\/2018\/04\/49529892-2729-4c43-9a91-52cc33e04db6-1.jpeg 1280w, http:\/\/michoacan.gob.mx\/wp-content\/uploads\/2018\/04\/49529892-2729-4c43-9a91-52cc33e04db6-1-300x200.jpeg 300w, http:\/\/michoacan.gob.mx\/wp-content\/uploads\/2018\/04\/49529892-2729-4c43-9a91-52cc33e04db6-1-768x512.jpeg 768w, http:\/\/michoacan.gob.mx\/wp-content\/uploads\/2018\/04\/49529892-2729-4c43-9a91-52cc33e04db6-1-1024x682.jpeg 1024w, http:\/\/michoacan.gob.mx\/wp-content\/uploads\/2018\/04\/49529892-2729-4c43-9a91-52cc33e04db6-1-450x300.jpeg 450w, http:\/\/michoacan.gob.mx\/wp-content\/uploads\/2018\/04\/49529892-2729-4c43-9a91-52cc33e04db6-1-100x67.jpeg 100w, http:\/\/michoacan.gob.mx\/wp-content\/uploads\/2018\/04\/49529892-2729-4c43-9a91-52cc33e04db6-1-225x150.jpeg 225w\" alt=\"\" width=\"401\" height=\"267\" \/><\/p>\n","protected":false},"excerpt":{"rendered":"<p>&nbsp; El Gobernador Silvano Aureoles lleva a cabo recorrido por la nueva infraestructura, la cual cuenta con lineamientos del NSJP. Hoy Michoac\u00e1n se encuentra en un escenario distinto en materia de seguridad, destaca el mandatario michoacano. Zamora, Michoac\u00e1n, a 27 de abril de 2018.- Despu\u00e9s del capital humano calificado y comprometido con su labor, tener [&hellip;]<\/p>\n","protected":false},"author":2,"featured_media":52734,"comment_status":"closed","ping_status":"closed","sticky":false,"template":"","format":"standard","meta":{"footnotes":""},"categories":[14,3],"tags":[],"class_list":["post-52733","post","type-post","status-publish","format-standard","has-post-thumbnail","hentry","category-destacadas","category-gobierno-del-estado-de-michoacan"],"_links":{"self":[{"href":"https:\/\/radiowebmx.com\/nota\/wp-json\/wp\/v2\/posts\/52733","targetHints":{"allow":["GET"]}}],"collection":[{"href":"https:\/\/radiowebmx.com\/nota\/wp-json\/wp\/v2\/posts"}],"about":[{"href":"https:\/\/radiowebmx.com\/nota\/wp-json\/wp\/v2\/types\/post"}],"author":[{"embeddable":true,"href":"https:\/\/radiowebmx.com\/nota\/wp-json\/wp\/v2\/users\/2"}],"replies":[{"embeddable":true,"href":"https:\/\/radiowebmx.com\/nota\/wp-json\/wp\/v2\/comments?post=52733"}],"version-history":[{"count":1,"href":"https:\/\/radiowebmx.com\/nota\/wp-json\/wp\/v2\/posts\/52733\/revisions"}],"predecessor-version":[{"id":52735,"href":"https:\/\/radiowebmx.com\/nota\/wp-json\/wp\/v2\/posts\/52733\/revisions\/52735"}],"wp:featuredmedia":[{"embeddable":true,"href":"https:\/\/radiowebmx.com\/nota\/wp-json\/wp\/v2\/media\/52734"}],"wp:attachment":[{"href":"https:\/\/radiowebmx.com\/nota\/wp-json\/wp\/v2\/media?parent=52733"}],"wp:term":[{"taxonomy":"category","embeddable":true,"href":"https:\/\/radiowebmx.com\/nota\/wp-json\/wp\/v2\/categories?post=52733"},{"taxonomy":"post_tag","embeddable":true,"href":"https:\/\/radiowebmx.com\/nota\/wp-json\/wp\/v2\/tags?post=52733"}],"curies":[{"name":"wp","href":"https:\/\/api.w.org\/{rel}","templated":true}]}}