{"id":52731,"date":"2018-04-27T19:32:46","date_gmt":"2018-04-28T00:32:46","guid":{"rendered":"https:\/\/radiowebmx.com\/nota\/?p=52731"},"modified":"2018-04-30T13:47:06","modified_gmt":"2018-04-30T18:47:06","slug":"a-punto-de-iniciar-diagnostico-para-proceso-de-reingenieria-de-la-asm-yarabi-avila","status":"publish","type":"post","link":"https:\/\/radiowebmx.com\/nota\/a-punto-de-iniciar-diagnostico-para-proceso-de-reingenieria-de-la-asm-yarabi-avila\/","title":{"rendered":"A punto de iniciar diagn\u00f3stico, para proceso de reingenier\u00eda de la ASM: Yarab\u00ed \u00c1vila"},"content":{"rendered":"<p><strong>Morelia, Michoac\u00e1n<\/strong>.- Con la finalidad de generar un an\u00e1lisis certero sobre la situaci\u00f3n que guarda la Auditoria Superior de Michoac\u00e1n (<strong>ASM<\/strong>), la comisi\u00f3n Inspectora que encabeza la diputada del PRI, <strong>Yarab\u00ed \u00c1vila Gonz\u00e1lez<\/strong>, a petici\u00f3n de la legisladora, inici\u00f3 los trabajos para generar un diagn\u00f3stico sobre su situaci\u00f3n que guarda y preparar el proceso de reingenier\u00eda del organismo fiscalizador.<\/p>\n<p>La diputada local, precis\u00f3 que en comisi\u00f3n se establecieron las directrices para que este organismo pueda contar con la <strong>autonom\u00eda no solo t\u00e9cnica<\/strong>, sino tambi\u00e9n financiera a trav\u00e9s de recursos suficientes que permitan dignificar el trabajo de los integrantes de este organismo t\u00e9cnico del Congreso, y mejorar el funcionamiento de esta \u00e1rea estrat\u00e9gica en la transparencia y rendici\u00f3n de cuentas a los ciudadanoS.<\/p>\n<p>\u00c1vila Gonz\u00e1lez se\u00f1al\u00f3 que existen \u00e1reas de oportunidad para mejorar el \u00f3rgano t\u00e9cnico del Congreso del Estado, pero para ello insisti\u00f3, es necesario la voluntad de los 40 diputados y lograr cambios sustanciales en torno a la <strong>ASM<\/strong> y sus trabajadores que la integran, en quienes reconoci\u00f3 los esfuerzos que hacen para cumplir con su trabajo, pese a las limitadas condiciones laborales y de recursos materiales con que cuentan.<\/p>\n<p>Agreg\u00f3 que al proceso de reingenier\u00eda, se suma la propuesta que fue presentada de manera conjunta con el diputado <strong>Mario Armando Mendoza Guzm\u00e1n<\/strong> ante el Pleno del Congreso del Estado, para reformar y adicionar art\u00edculos de la Constituci\u00f3n Pol\u00edtica de de Michoac\u00e1n, que busca dotar de autonom\u00eda a la ASM y crear la figura del Consejo de Direcci\u00f3n, que ser\u00e1 parte de la Comisi\u00f3n Inspectora y que se encargar\u00e1 de evaluar el desempe\u00f1o del <strong>Auditor<\/strong>, la cual confi\u00f3 pueda tener eco en el Congreso del Estado para su aprobaci\u00f3n.<\/p>\n<p>Manifest\u00f3 que avanzar en la aprobaci\u00f3n del dictamen que contribuya a fortalecer la Auditoria Superior de Michoac\u00e1n (ASM), es fundamental para que se realice la fiscalizaci\u00f3n de forma imparcial, competente, objetiva y oportuna.<\/p>\n","protected":false},"excerpt":{"rendered":"<p>Morelia, Michoac\u00e1n.- Con la finalidad de generar un an\u00e1lisis certero sobre la situaci\u00f3n que guarda la Auditoria Superior de Michoac\u00e1n (ASM), la comisi\u00f3n Inspectora que encabeza la diputada del PRI, Yarab\u00ed \u00c1vila Gonz\u00e1lez, a petici\u00f3n de la legisladora, inici\u00f3 los trabajos para generar un diagn\u00f3stico sobre su situaci\u00f3n que guarda y preparar el proceso de [&hellip;]<\/p>\n","protected":false},"author":2,"featured_media":52504,"comment_status":"closed","ping_status":"closed","sticky":false,"template":"","format":"standard","meta":{"footnotes":""},"categories":[6,14],"tags":[],"class_list":["post-52731","post","type-post","status-publish","format-standard","has-post-thumbnail","hentry","category-congreso-del-estado","category-destacadas"],"_links":{"self":[{"href":"https:\/\/radiowebmx.com\/nota\/wp-json\/wp\/v2\/posts\/52731","targetHints":{"allow":["GET"]}}],"collection":[{"href":"https:\/\/radiowebmx.com\/nota\/wp-json\/wp\/v2\/posts"}],"about":[{"href":"https:\/\/radiowebmx.com\/nota\/wp-json\/wp\/v2\/types\/post"}],"author":[{"embeddable":true,"href":"https:\/\/radiowebmx.com\/nota\/wp-json\/wp\/v2\/users\/2"}],"replies":[{"embeddable":true,"href":"https:\/\/radiowebmx.com\/nota\/wp-json\/wp\/v2\/comments?post=52731"}],"version-history":[{"count":1,"href":"https:\/\/radiowebmx.com\/nota\/wp-json\/wp\/v2\/posts\/52731\/revisions"}],"predecessor-version":[{"id":52732,"href":"https:\/\/radiowebmx.com\/nota\/wp-json\/wp\/v2\/posts\/52731\/revisions\/52732"}],"wp:featuredmedia":[{"embeddable":true,"href":"https:\/\/radiowebmx.com\/nota\/wp-json\/wp\/v2\/media\/52504"}],"wp:attachment":[{"href":"https:\/\/radiowebmx.com\/nota\/wp-json\/wp\/v2\/media?parent=52731"}],"wp:term":[{"taxonomy":"category","embeddable":true,"href":"https:\/\/radiowebmx.com\/nota\/wp-json\/wp\/v2\/categories?post=52731"},{"taxonomy":"post_tag","embeddable":true,"href":"https:\/\/radiowebmx.com\/nota\/wp-json\/wp\/v2\/tags?post=52731"}],"curies":[{"name":"wp","href":"https:\/\/api.w.org\/{rel}","templated":true}]}}