{"id":52701,"date":"2018-04-26T12:12:08","date_gmt":"2018-04-26T17:12:08","guid":{"rendered":"https:\/\/radiowebmx.com\/nota\/?p=52701"},"modified":"2018-04-27T11:14:14","modified_gmt":"2018-04-27T16:14:14","slug":"hoteleros-aprovecharan-expo-fiesta-2018-para-promocionar-sus-establecimientos","status":"publish","type":"post","link":"https:\/\/radiowebmx.com\/nota\/hoteleros-aprovecharan-expo-fiesta-2018-para-promocionar-sus-establecimientos\/","title":{"rendered":"Hoteleros aprovecharan Expo Fiesta 2018 para promocionar sus establecimientos"},"content":{"rendered":"<p><strong>Morelia, Michoac\u00e1n<\/strong> -. Manuel Abud presidente de<strong> la Asociaci\u00f3n de Hoteles<\/strong> y <strong>Moteles<\/strong> del <strong>Estado de Michoac\u00e1n<\/strong> se\u00f1al\u00f3 que tendr\u00e1n presencia en el<strong> stand<\/strong> del Consejo coordinador empresarial para<strong> promover sus establecimientos<\/strong> agremiados la <strong>Expo fiesta Michoac\u00e1n 2018.<\/strong><\/p>\n<p>Empresario se\u00f1al\u00f3 que se espera poder mostrar a los michoacanos los<strong> atractivos<\/strong> de las 7 regiones tur\u00edsticas del estado y as\u00ed incentivar que paseen en su estado.<\/p>\n<p>Asimismo detall\u00f3 que la ocupaci\u00f3n promedio de Morelia que es la regi\u00f3n donde se realizar\u00e1 el evento suele tener una saturaci\u00f3n promedio de entre 40 y 45 por ciento entre semana y de aproximadamente 50 por ciento durante fines de semana. Cifras que consider\u00f3 podr\u00edan incrementarse en un 1 o 2 por ciento \u00a0como consecuencia de los diversos espect\u00e1culos que se realizar\u00e1n en el recinto ferial.<\/p>\n","protected":false},"excerpt":{"rendered":"<p>Morelia, Michoac\u00e1n -. Manuel Abud presidente de la Asociaci\u00f3n de Hoteles y Moteles del Estado de Michoac\u00e1n se\u00f1al\u00f3 que tendr\u00e1n presencia en el stand del Consejo coordinador empresarial para promover sus establecimientos agremiados la Expo fiesta Michoac\u00e1n 2018. Empresario se\u00f1al\u00f3 que se espera poder mostrar a los michoacanos los atractivos de las 7 regiones tur\u00edsticas [&hellip;]<\/p>\n","protected":false},"author":2,"featured_media":52702,"comment_status":"closed","ping_status":"closed","sticky":false,"template":"","format":"standard","meta":{"footnotes":""},"categories":[14],"tags":[],"class_list":["post-52701","post","type-post","status-publish","format-standard","has-post-thumbnail","hentry","category-destacadas"],"_links":{"self":[{"href":"https:\/\/radiowebmx.com\/nota\/wp-json\/wp\/v2\/posts\/52701","targetHints":{"allow":["GET"]}}],"collection":[{"href":"https:\/\/radiowebmx.com\/nota\/wp-json\/wp\/v2\/posts"}],"about":[{"href":"https:\/\/radiowebmx.com\/nota\/wp-json\/wp\/v2\/types\/post"}],"author":[{"embeddable":true,"href":"https:\/\/radiowebmx.com\/nota\/wp-json\/wp\/v2\/users\/2"}],"replies":[{"embeddable":true,"href":"https:\/\/radiowebmx.com\/nota\/wp-json\/wp\/v2\/comments?post=52701"}],"version-history":[{"count":1,"href":"https:\/\/radiowebmx.com\/nota\/wp-json\/wp\/v2\/posts\/52701\/revisions"}],"predecessor-version":[{"id":52703,"href":"https:\/\/radiowebmx.com\/nota\/wp-json\/wp\/v2\/posts\/52701\/revisions\/52703"}],"wp:featuredmedia":[{"embeddable":true,"href":"https:\/\/radiowebmx.com\/nota\/wp-json\/wp\/v2\/media\/52702"}],"wp:attachment":[{"href":"https:\/\/radiowebmx.com\/nota\/wp-json\/wp\/v2\/media?parent=52701"}],"wp:term":[{"taxonomy":"category","embeddable":true,"href":"https:\/\/radiowebmx.com\/nota\/wp-json\/wp\/v2\/categories?post=52701"},{"taxonomy":"post_tag","embeddable":true,"href":"https:\/\/radiowebmx.com\/nota\/wp-json\/wp\/v2\/tags?post=52701"}],"curies":[{"name":"wp","href":"https:\/\/api.w.org\/{rel}","templated":true}]}}