{"id":52689,"date":"2018-04-26T21:58:59","date_gmt":"2018-04-27T02:58:59","guid":{"rendered":"https:\/\/radiowebmx.com\/nota\/?p=52689"},"modified":"2018-04-27T11:02:05","modified_gmt":"2018-04-27T16:02:05","slug":"conmemoran-clxii-aniversario-de-elevacion-de-acuitzio-a-municipio","status":"publish","type":"post","link":"https:\/\/radiowebmx.com\/nota\/conmemoran-clxii-aniversario-de-elevacion-de-acuitzio-a-municipio\/","title":{"rendered":"Conmemoran CLXII aniversario de elevaci\u00f3n de Acuitzio a municipio"},"content":{"rendered":"<p><strong>Acuitzio, Michoac\u00e1n<\/strong>.-<strong>\u00a0<\/strong>Con la representaci\u00f3n del gobernador de Michoac\u00e1n, Silvano Aureoles Conejo, el titular de la Secretar\u00eda de Comunicaciones y Obras P\u00fablicas (SCOP), Jos\u00e9 Juan Dom\u00ednguez L\u00f3pez, particip\u00f3 en el acto c\u00edvico conmemorativo del CLXII aniversario de la elevaci\u00f3n de Acuitzio a municipio.<\/p>\n<p>Durante su intervenci\u00f3n en el evento, Dom\u00ednguez L\u00f3pez afirm\u00f3 que esta celebraci\u00f3n honra a cada mujer y hombre que ha hecho de Acuitzio un mejor lugar para vivir a lo largo de su historia, gracias al trabajo realizado d\u00eda con d\u00eda.<\/p>\n<p>\u201cComo ciudadanas y ciudadanos, nos corresponde comprometernos con la comunidad y que nuestras acciones propicien la paz, la estabilidad, la libertad, la prosperidad y la concordia\u201d, indic\u00f3 el funcionario.<\/p>\n<p>El presidente municipal, Jes\u00fas Hern\u00e1ndez\u00a0Eguiza, se\u00f1al\u00f3 que Acuitzio es una demarcaci\u00f3n\u00a0pluricultural, porque convergen las culturas belga, francesa y la mexicana.<\/p>\n<p>El orador oficial del evento e investigador de la Universidad Michoacana de San Nicol\u00e1s de Hidalgo (UMSNH), Ram\u00f3n Alonso P\u00e9rez\u00a0Escutia, comparti\u00f3 un recuento de los hechos hist\u00f3ricos ocurridos en torno a la conmemoraci\u00f3n del 26 de abril de 1856, y concluy\u00f3 que nuevos e in\u00e9ditos retos se perfilan en los horizontes individuales y colectivos, por lo que exhort\u00f3 a anteponer los valores construidos a lo largo de la evoluci\u00f3n nacional.<\/p>\n<p>Posteriormente, las autoridades presenciaron la \u00faltima detonaci\u00f3n del emblem\u00e1tico ca\u00f1\u00f3n \u201cEl ni\u00f1o\u201d, forjado en la maestranza para la fabricaci\u00f3n y reparaci\u00f3n de armas de la Insurgencia, que funcion\u00f3 alrededor de un a\u00f1o durante la guerra por la Independencia de M\u00e9xico.<\/p>\n<p>Asimismo, atestiguaron la primera detonaci\u00f3n de la r\u00e9plica de \u201cEl Ni\u00f1o\u201d, que fue develada momentos antes.<\/p>\n","protected":false},"excerpt":{"rendered":"<p>Acuitzio, Michoac\u00e1n.-\u00a0Con la representaci\u00f3n del gobernador de Michoac\u00e1n, Silvano Aureoles Conejo, el titular de la Secretar\u00eda de Comunicaciones y Obras P\u00fablicas (SCOP), Jos\u00e9 Juan Dom\u00ednguez L\u00f3pez, particip\u00f3 en el acto c\u00edvico conmemorativo del CLXII aniversario de la elevaci\u00f3n de Acuitzio a municipio. Durante su intervenci\u00f3n en el evento, Dom\u00ednguez L\u00f3pez afirm\u00f3 que esta celebraci\u00f3n honra [&hellip;]<\/p>\n","protected":false},"author":2,"featured_media":52690,"comment_status":"closed","ping_status":"closed","sticky":false,"template":"","format":"standard","meta":{"footnotes":""},"categories":[14],"tags":[],"class_list":["post-52689","post","type-post","status-publish","format-standard","has-post-thumbnail","hentry","category-destacadas"],"_links":{"self":[{"href":"https:\/\/radiowebmx.com\/nota\/wp-json\/wp\/v2\/posts\/52689","targetHints":{"allow":["GET"]}}],"collection":[{"href":"https:\/\/radiowebmx.com\/nota\/wp-json\/wp\/v2\/posts"}],"about":[{"href":"https:\/\/radiowebmx.com\/nota\/wp-json\/wp\/v2\/types\/post"}],"author":[{"embeddable":true,"href":"https:\/\/radiowebmx.com\/nota\/wp-json\/wp\/v2\/users\/2"}],"replies":[{"embeddable":true,"href":"https:\/\/radiowebmx.com\/nota\/wp-json\/wp\/v2\/comments?post=52689"}],"version-history":[{"count":1,"href":"https:\/\/radiowebmx.com\/nota\/wp-json\/wp\/v2\/posts\/52689\/revisions"}],"predecessor-version":[{"id":52691,"href":"https:\/\/radiowebmx.com\/nota\/wp-json\/wp\/v2\/posts\/52689\/revisions\/52691"}],"wp:featuredmedia":[{"embeddable":true,"href":"https:\/\/radiowebmx.com\/nota\/wp-json\/wp\/v2\/media\/52690"}],"wp:attachment":[{"href":"https:\/\/radiowebmx.com\/nota\/wp-json\/wp\/v2\/media?parent=52689"}],"wp:term":[{"taxonomy":"category","embeddable":true,"href":"https:\/\/radiowebmx.com\/nota\/wp-json\/wp\/v2\/categories?post=52689"},{"taxonomy":"post_tag","embeddable":true,"href":"https:\/\/radiowebmx.com\/nota\/wp-json\/wp\/v2\/tags?post=52689"}],"curies":[{"name":"wp","href":"https:\/\/api.w.org\/{rel}","templated":true}]}}